{"id":1697,"date":"2022-10-10T09:24:47","date_gmt":"2022-10-10T08:24:47","guid":{"rendered":"http:\/\/www.heimatverein-voerde.de\/?p=1697"},"modified":"2022-10-10T09:24:47","modified_gmt":"2022-10-10T08:24:47","slug":"letztes-proelken-koffi-in-diesem-jahr","status":"publish","type":"post","link":"http:\/\/www.heimatverein-voerde.de\/?p=1697","title":{"rendered":"Letztes Pr\u00f6lken Koffi in diesem Jahr"},"content":{"rendered":"<p>Am kommenden<\/p>\n<p><strong>Samstag, 15. Oktober, ab 09.30 Uhr<\/strong><br \/>\n<strong>im evangelischen Gemeindezentrum<\/strong><\/p>\n<p>findet das letzte Pr\u00f6lken Koffi des Heimatverein Voerde in diesem Jahr statt. Das Team um Ute Heimhardt bereitet wie immer ein Fr\u00fchst\u00fcck vor, und es gibt wieder reichlich Gelegenheit sich \u00fcber Voerde auf den neuesten Stand zu bringen.<\/p>\n<p>Auch Nichtvereinsmitglieder sind willkommen, der Eintritt ist wie immer frei. Der Heimatverein Voerde freut sich aber \u00fcber eine kleine Spende<\/p>\n","protected":false},"excerpt":{"rendered":"<p>Am kommenden Samstag, 15. Oktober, ab 09.30 Uhr im evangelischen Gemeindezentrum findet das letzte Pr\u00f6lken Koffi des Heimatverein Voerde in diesem Jahr statt. Das Team um Ute Heimhardt bereitet wie immer ein Fr\u00fchst\u00fcck vor, und es gibt wieder reichlich Gelegenheit &hellip; <a href=\"http:\/\/www.heimatverein-voerde.de\/?p=1697\">Weiterlesen <span class=\"meta-nav\">&rarr;<\/span><\/a><\/p>\n","protected":false},"author":2,"featured_media":0,"comment_status":"closed","ping_status":"open","sticky":false,"template":"","format":"standard","meta":{"_exactmetrics_skip_tracking":false,"_exactmetrics_sitenote_active":false,"_exactmetrics_sitenote_note":"","_exactmetrics_sitenote_category":0,"_jetpack_memberships_contains_paid_content":false,"footnotes":""},"categories":[1],"tags":[],"class_list":["post-1697","post","type-post","status-publish","format-standard","hentry","category-allgemein"],"jetpack_featured_media_url":"","jetpack_sharing_enabled":true,"_links":{"self":[{"href":"http:\/\/www.heimatverein-voerde.de\/index.php?rest_route=\/wp\/v2\/posts\/1697","targetHints":{"allow":["GET"]}}],"collection":[{"href":"http:\/\/www.heimatverein-voerde.de\/index.php?rest_route=\/wp\/v2\/posts"}],"about":[{"href":"http:\/\/www.heimatverein-voerde.de\/index.php?rest_route=\/wp\/v2\/types\/post"}],"author":[{"embeddable":true,"href":"http:\/\/www.heimatverein-voerde.de\/index.php?rest_route=\/wp\/v2\/users\/2"}],"replies":[{"embeddable":true,"href":"http:\/\/www.heimatverein-voerde.de\/index.php?rest_route=%2Fwp%2Fv2%2Fcomments&post=1697"}],"version-history":[{"count":1,"href":"http:\/\/www.heimatverein-voerde.de\/index.php?rest_route=\/wp\/v2\/posts\/1697\/revisions"}],"predecessor-version":[{"id":1698,"href":"http:\/\/www.heimatverein-voerde.de\/index.php?rest_route=\/wp\/v2\/posts\/1697\/revisions\/1698"}],"wp:attachment":[{"href":"http:\/\/www.heimatverein-voerde.de\/index.php?rest_route=%2Fwp%2Fv2%2Fmedia&parent=1697"}],"wp:term":[{"taxonomy":"category","embeddable":true,"href":"http:\/\/www.heimatverein-voerde.de\/index.php?rest_route=%2Fwp%2Fv2%2Fcategories&post=1697"},{"taxonomy":"post_tag","embeddable":true,"href":"http:\/\/www.heimatverein-voerde.de\/index.php?rest_route=%2Fwp%2Fv2%2Ftags&post=1697"}],"curies":[{"name":"wp","href":"https:\/\/api.w.org\/{rel}","templated":true}]}}