{"id":1342,"date":"2018-05-17T21:11:55","date_gmt":"2018-05-17T20:11:55","guid":{"rendered":"http:\/\/www.heimatverein-voerde.de\/?p=1342"},"modified":"2018-05-17T21:11:55","modified_gmt":"2018-05-17T20:11:55","slug":"horst-winkel-wird-voerder-ehrennachtwaechter-2018","status":"publish","type":"post","link":"https:\/\/www.heimatverein-voerde.de\/?p=1342","title":{"rendered":"Horst Winkel wird Voerder Ehrennachtw\u00e4chter 2018"},"content":{"rendered":"<p><a href=\"http:\/\/www.heimatverein-voerde.de\/wp-content\/uploads\/2018\/05\/Horst_Winkel_klein.jpg\"><img loading=\"lazy\" decoding=\"async\" class=\" wp-image-1343 alignleft\" src=\"http:\/\/www.heimatverein-voerde.de\/wp-content\/uploads\/2018\/05\/Horst_Winkel_klein.jpg\" alt=\"\" width=\"443\" height=\"295\" srcset=\"https:\/\/www.heimatverein-voerde.de\/wp-content\/uploads\/2018\/05\/Horst_Winkel_klein.jpg 534w, https:\/\/www.heimatverein-voerde.de\/wp-content\/uploads\/2018\/05\/Horst_Winkel_klein-300x200.jpg 300w\" sizes=\"auto, (max-width: 443px) 100vw, 443px\" \/><\/a>Es soll jemand sein, der sich um die F\u00f6rderung der Heimatliebe und Heimatkunde verdient gemacht hat, so sagt es die Satzung des Heimatverein Voerde. In diesem Jahr f\u00e4llt die Wahl des Festausschusses im Heimatverein Voerde auf Horst Winkel. Er wird f\u00fcr sein ehrenamtliches Engagement im Heimatverein Voerde, als Vorsitzender der AG Wandern und seine T\u00e4tigkeit in der biologischen Station geehrt. Horst Winkel hat sich durch sein Wirken vor allem um die Natursch\u00f6nheiten und den Landschaftsschutz in und um Voerde verdient gemacht. Mal geht es ums Pilze sammeln, mal um die Lebensgemeinschaft im Wald. Mal geht es um spektakul\u00e4re Aussichten, mal um landwirtschaftliche Betriebe.<\/p>\n<p>Oft h\u00f6chst selbst, oft mit Unterst\u00fctzung &#8211; aber immer ehrenamtlich \u2013 geht es ihm auch darum, die Sch\u00f6nheit seiner Heimat auch anderen zug\u00e4nglich zu machen. Gerne auch Ausw\u00e4rtigen.<\/p>\n<p>Horst Winkel ist 76 Jahre alt und wohnt mit seiner Frau Ulrike in Voerde oberhalb der katholischen Kirche im Friemannweg. Er hat zwei Kinder und zwei Enkel. Die K\u00fcrung des diesj\u00e4hrigen Ehrennachtw\u00e4chters findet am 30. Mai auf Gut Braband statt. Dort erh\u00e4lt Horst Winkel Hellebarde, Lampe und Horn von seiner Vorg\u00e4ngerin Friedel Hillner im Kreise der Blaukittel und Vereinsvertreter im Voerder Heimatverein.<\/p>\n","protected":false},"excerpt":{"rendered":"<p>Es soll jemand sein, der sich um die F\u00f6rderung der Heimatliebe und Heimatkunde verdient gemacht hat, so sagt es die Satzung des Heimatverein Voerde. In diesem Jahr f\u00e4llt die Wahl des Festausschusses im Heimatverein Voerde auf Horst Winkel. Er wird &hellip; <a href=\"https:\/\/www.heimatverein-voerde.de\/?p=1342\">Weiterlesen <span class=\"meta-nav\">&rarr;<\/span><\/a><\/p>\n","protected":false},"author":2,"featured_media":0,"comment_status":"closed","ping_status":"open","sticky":false,"template":"","format":"standard","meta":{"_exactmetrics_skip_tracking":false,"_exactmetrics_sitenote_active":false,"_exactmetrics_sitenote_note":"","_exactmetrics_sitenote_category":0,"_jetpack_memberships_contains_paid_content":false,"footnotes":""},"categories":[1],"tags":[],"class_list":["post-1342","post","type-post","status-publish","format-standard","hentry","category-allgemein"],"jetpack_featured_media_url":"","jetpack_sharing_enabled":true,"_links":{"self":[{"href":"https:\/\/www.heimatverein-voerde.de\/index.php?rest_route=\/wp\/v2\/posts\/1342","targetHints":{"allow":["GET"]}}],"collection":[{"href":"https:\/\/www.heimatverein-voerde.de\/index.php?rest_route=\/wp\/v2\/posts"}],"about":[{"href":"https:\/\/www.heimatverein-voerde.de\/index.php?rest_route=\/wp\/v2\/types\/post"}],"author":[{"embeddable":true,"href":"https:\/\/www.heimatverein-voerde.de\/index.php?rest_route=\/wp\/v2\/users\/2"}],"replies":[{"embeddable":true,"href":"https:\/\/www.heimatverein-voerde.de\/index.php?rest_route=%2Fwp%2Fv2%2Fcomments&post=1342"}],"version-history":[{"count":2,"href":"https:\/\/www.heimatverein-voerde.de\/index.php?rest_route=\/wp\/v2\/posts\/1342\/revisions"}],"predecessor-version":[{"id":1345,"href":"https:\/\/www.heimatverein-voerde.de\/index.php?rest_route=\/wp\/v2\/posts\/1342\/revisions\/1345"}],"wp:attachment":[{"href":"https:\/\/www.heimatverein-voerde.de\/index.php?rest_route=%2Fwp%2Fv2%2Fmedia&parent=1342"}],"wp:term":[{"taxonomy":"category","embeddable":true,"href":"https:\/\/www.heimatverein-voerde.de\/index.php?rest_route=%2Fwp%2Fv2%2Fcategories&post=1342"},{"taxonomy":"post_tag","embeddable":true,"href":"https:\/\/www.heimatverein-voerde.de\/index.php?rest_route=%2Fwp%2Fv2%2Ftags&post=1342"}],"curies":[{"name":"wp","href":"https:\/\/api.w.org\/{rel}","templated":true}]}}