{"id":1364,"date":"2018-05-31T13:47:52","date_gmt":"2018-05-31T12:47:52","guid":{"rendered":"http:\/\/www.heimatverein-voerde.de\/?p=1364"},"modified":"2018-05-31T13:47:52","modified_gmt":"2018-05-31T12:47:52","slug":"in-voerde-wurde-horst-winkel-zum-33-voerder-ehrennachtwaechter-gekuert","status":"publish","type":"post","link":"https:\/\/www.heimatverein-voerde.de\/?p=1364","title":{"rendered":"In Voerde wurde Horst Winkel zum 33. Voerder Ehrennachtw\u00e4chter gek\u00fcrt"},"content":{"rendered":"<p><a href=\"http:\/\/www.heimatverein-voerde.de\/wp-content\/uploads\/2018\/05\/Horst_Winkel_Ehrennachtwaechter_2018_kl.jpg\"><img loading=\"lazy\" decoding=\"async\" class=\" wp-image-1365 alignleft\" src=\"http:\/\/www.heimatverein-voerde.de\/wp-content\/uploads\/2018\/05\/Horst_Winkel_Ehrennachtwaechter_2018_kl.jpg\" alt=\"\" width=\"383\" height=\"336\" srcset=\"https:\/\/www.heimatverein-voerde.de\/wp-content\/uploads\/2018\/05\/Horst_Winkel_Ehrennachtwaechter_2018_kl.jpg 493w, https:\/\/www.heimatverein-voerde.de\/wp-content\/uploads\/2018\/05\/Horst_Winkel_Ehrennachtwaechter_2018_kl-300x263.jpg 300w\" sizes=\"auto, (max-width: 383px) 100vw, 383px\" \/><\/a>Am vergangenen Mittwoch wurde mit Horst Winkel der 33. Voerder Ehrennachtw\u00e4chter gek\u00fcrt. An einem warmen Fr\u00fchsommerabend auf Gut Braband mit Blick auf Voerde, haben die Blaukitteltr\u00e4ger und Vereinsvertreter den neuen Ehrennachtw\u00e4chter in ihre Reihen aufgenommen. Damit wurde zugleich auch die Kirmeszeit in Voerde eingel\u00e4utet.<\/p>\n<p>In seiner Laudatio ging der 1. Vorsitzende des Voerder Heimatvereins, Hans Martin Heimhardt, auf den Lebenslauf und die Leistungen von Horst Winkel ein. Die Familie des damals dreij\u00e4hrigen Horst fl\u00fcchtete vor den Wirren des 2. Weltkrieges 1944 aus dem heutigen Polen und landete in Ennepetal. Die Eltern kauften sp\u00e4ter im Friemannweg ein Haus. Dort wohnt er mit seiner Frau Ulrike noch heute.<\/p>\n<p>Nach der Berufsausbildung und Fortbildung zum Chemotechniker begann die berufliche Wanderschaft von Horst Winkel und seiner Familie rund um den Globus, vor allem aber in Lateinamerika. Valencia, Sao Paolo und Sumatra waren die Hauptstationen.<\/p>\n<p>Nach dem 40-j\u00e4hrigen Firmenjubil\u00e4um begann der (Un)Ruhestand. Zun\u00e4chst nicht nur, aber auch wegen seiner Sprachkenntnisse war Horst Winkel Teil des Orga- und Betreuungsteams beim Pfingstturnier des TUS Ennepetal.\u00a0 Da wandern zu seinen Leidenschaften geh\u00f6rt, waren Mitarbeit und Vorsitz bei der Ennepetaler AG Wandern fast vorprogrammiert. Instandhaltung der Wanderwege und Wanderf\u00fchrungen geh\u00f6ren zu seinen Aufgaben.<\/p>\n<p>Als 2005 die biologische Station auf neue F\u00fc\u00dfe gestellt werden musste, wurde Horst Winkel spontan delegiertes Mitglied vom Heimatverein Voerde und 2. Vorsitzender bis zum Jahr 2017. So trug er ma\u00dfgeblich zum Wiederaufbau der biologischen Station bei. Die bekannteste Veranstaltung ist sicherlich das Meilerfest. Nicht zuletzt ist Horst Winkel auch noch langj\u00e4hriges Mitglied im Voerder Heimatverein. Auch dort hilft er seit Jahren mit, und ist mit Rat und Tat zur Stelle.<\/p>\n<p>Aus der Hand des 2. Vorsitzenden Robert D\u00f6rnen erhielt der neue Ehrennachtw\u00e4chter den Blaukittel, das Halstauch mit dem Ehrenring und die hochseidene M\u00fctze. Die Ehrennachtw\u00e4chterin des Vorjahres, Friedel Hillner \u00fcbergab Hellebarde, Lampe und Horn. Damit ist Horst Winkel ausgestattet um im kommenden Jahr gut auf Voerde aufzupassen und \u00fcber die Voerder Kirmes zu wachen.<\/p>\n<p>B\u00fcrgermeisterin Imke Heymann gratulierte dem neuen Ehrennachtw\u00e4chter in einem kurzen Gru\u00dfwort als erste, und w\u00fcnschte ihm f\u00fcr die kommenden Aufgaben viel Gl\u00fcck. Gleichzeitig bedankte sie sich bei Friedel Hillner f\u00fcr das vergangene Jahr als Voerder Ehrennachtw\u00e4chterin.<\/p>\n","protected":false},"excerpt":{"rendered":"<p>Am vergangenen Mittwoch wurde mit Horst Winkel der 33. Voerder Ehrennachtw\u00e4chter gek\u00fcrt. An einem warmen Fr\u00fchsommerabend auf Gut Braband mit Blick auf Voerde, haben die Blaukitteltr\u00e4ger und Vereinsvertreter den neuen Ehrennachtw\u00e4chter in ihre Reihen aufgenommen. Damit wurde zugleich auch die &hellip; <a href=\"https:\/\/www.heimatverein-voerde.de\/?p=1364\">Weiterlesen <span class=\"meta-nav\">&rarr;<\/span><\/a><\/p>\n","protected":false},"author":2,"featured_media":0,"comment_status":"closed","ping_status":"open","sticky":false,"template":"","format":"standard","meta":{"_exactmetrics_skip_tracking":false,"_exactmetrics_sitenote_active":false,"_exactmetrics_sitenote_note":"","_exactmetrics_sitenote_category":0,"_jetpack_memberships_contains_paid_content":false,"footnotes":""},"categories":[1],"tags":[],"class_list":["post-1364","post","type-post","status-publish","format-standard","hentry","category-allgemein"],"jetpack_featured_media_url":"","jetpack_sharing_enabled":true,"_links":{"self":[{"href":"https:\/\/www.heimatverein-voerde.de\/index.php?rest_route=\/wp\/v2\/posts\/1364","targetHints":{"allow":["GET"]}}],"collection":[{"href":"https:\/\/www.heimatverein-voerde.de\/index.php?rest_route=\/wp\/v2\/posts"}],"about":[{"href":"https:\/\/www.heimatverein-voerde.de\/index.php?rest_route=\/wp\/v2\/types\/post"}],"author":[{"embeddable":true,"href":"https:\/\/www.heimatverein-voerde.de\/index.php?rest_route=\/wp\/v2\/users\/2"}],"replies":[{"embeddable":true,"href":"https:\/\/www.heimatverein-voerde.de\/index.php?rest_route=%2Fwp%2Fv2%2Fcomments&post=1364"}],"version-history":[{"count":1,"href":"https:\/\/www.heimatverein-voerde.de\/index.php?rest_route=\/wp\/v2\/posts\/1364\/revisions"}],"predecessor-version":[{"id":1366,"href":"https:\/\/www.heimatverein-voerde.de\/index.php?rest_route=\/wp\/v2\/posts\/1364\/revisions\/1366"}],"wp:attachment":[{"href":"https:\/\/www.heimatverein-voerde.de\/index.php?rest_route=%2Fwp%2Fv2%2Fmedia&parent=1364"}],"wp:term":[{"taxonomy":"category","embeddable":true,"href":"https:\/\/www.heimatverein-voerde.de\/index.php?rest_route=%2Fwp%2Fv2%2Fcategories&post=1364"},{"taxonomy":"post_tag","embeddable":true,"href":"https:\/\/www.heimatverein-voerde.de\/index.php?rest_route=%2Fwp%2Fv2%2Ftags&post=1364"}],"curies":[{"name":"wp","href":"https:\/\/api.w.org\/{rel}","templated":true}]}}