{"id":1373,"date":"2018-08-19T10:56:48","date_gmt":"2018-08-19T09:56:48","guid":{"rendered":"http:\/\/www.heimatverein-voerde.de\/?p=1373"},"modified":"2018-08-19T10:56:48","modified_gmt":"2018-08-19T09:56:48","slug":"proelken-koffi-und-vorverkaufsstart-fuer-voerder-heimatabend","status":"publish","type":"post","link":"https:\/\/www.heimatverein-voerde.de\/?p=1373","title":{"rendered":"Pr\u00f6lken Koffi und Vorverkaufsstart f\u00fcr Voerder Heimatabend"},"content":{"rendered":"<p>Die Sommerferien neigen sich dem Ende entgegen, und auch beim Heimatverein Voerde endet die Sommerpause. Am kommenden Samstag, 25. August ab 9:30 Uhr findet das 3. Pr\u00f6lken Koffi des Jahres, veranstaltet vom Heimatverein Voerde im evangelischen Gemeindehaus in der Lindenstra\u00dfe statt.<br \/>\nWie immer gibt es reichlich Gelegenheit sich bei einem leckeren Fr\u00fchst\u00fcck \u00fcber die Voerder Neuigkeiten zu unterhalten. Schlie\u00dflich sind seit dem letzten Pr\u00f6lken Koffi mehr als drei Monate und die Voerder Kirmes vergangen.<br \/>\nDer Eintritt ist frei, der Heimatverein Voerde freut sich aber \u00fcber eine kleine Spende.<\/p>\n<p>Au\u00dferdem startet beim Pr\u00f6lken Koffi der Vorverkauf f\u00fcr den diesj\u00e4hrigen Voerder Heimatabend, der am Freitag, 09. November im Festsaal Loher Nocken stattfindet. Die Eintrittskarten kosten 20,00 \u20ac.<\/p>\n","protected":false},"excerpt":{"rendered":"<p>Die Sommerferien neigen sich dem Ende entgegen, und auch beim Heimatverein Voerde endet die Sommerpause. Am kommenden Samstag, 25. August ab 9:30 Uhr findet das 3. Pr\u00f6lken Koffi des Jahres, veranstaltet vom Heimatverein Voerde im evangelischen Gemeindehaus in der Lindenstra\u00dfe &hellip; <a href=\"https:\/\/www.heimatverein-voerde.de\/?p=1373\">Weiterlesen <span class=\"meta-nav\">&rarr;<\/span><\/a><\/p>\n","protected":false},"author":2,"featured_media":0,"comment_status":"closed","ping_status":"open","sticky":false,"template":"","format":"standard","meta":{"_exactmetrics_skip_tracking":false,"_exactmetrics_sitenote_active":false,"_exactmetrics_sitenote_note":"","_exactmetrics_sitenote_category":0,"_jetpack_memberships_contains_paid_content":false,"footnotes":""},"categories":[1],"tags":[],"class_list":["post-1373","post","type-post","status-publish","format-standard","hentry","category-allgemein"],"jetpack_featured_media_url":"","jetpack_sharing_enabled":true,"_links":{"self":[{"href":"https:\/\/www.heimatverein-voerde.de\/index.php?rest_route=\/wp\/v2\/posts\/1373","targetHints":{"allow":["GET"]}}],"collection":[{"href":"https:\/\/www.heimatverein-voerde.de\/index.php?rest_route=\/wp\/v2\/posts"}],"about":[{"href":"https:\/\/www.heimatverein-voerde.de\/index.php?rest_route=\/wp\/v2\/types\/post"}],"author":[{"embeddable":true,"href":"https:\/\/www.heimatverein-voerde.de\/index.php?rest_route=\/wp\/v2\/users\/2"}],"replies":[{"embeddable":true,"href":"https:\/\/www.heimatverein-voerde.de\/index.php?rest_route=%2Fwp%2Fv2%2Fcomments&post=1373"}],"version-history":[{"count":2,"href":"https:\/\/www.heimatverein-voerde.de\/index.php?rest_route=\/wp\/v2\/posts\/1373\/revisions"}],"predecessor-version":[{"id":1375,"href":"https:\/\/www.heimatverein-voerde.de\/index.php?rest_route=\/wp\/v2\/posts\/1373\/revisions\/1375"}],"wp:attachment":[{"href":"https:\/\/www.heimatverein-voerde.de\/index.php?rest_route=%2Fwp%2Fv2%2Fmedia&parent=1373"}],"wp:term":[{"taxonomy":"category","embeddable":true,"href":"https:\/\/www.heimatverein-voerde.de\/index.php?rest_route=%2Fwp%2Fv2%2Fcategories&post=1373"},{"taxonomy":"post_tag","embeddable":true,"href":"https:\/\/www.heimatverein-voerde.de\/index.php?rest_route=%2Fwp%2Fv2%2Ftags&post=1373"}],"curies":[{"name":"wp","href":"https:\/\/api.w.org\/{rel}","templated":true}]}}