{"id":1540,"date":"2019-10-20T10:43:01","date_gmt":"2019-10-20T09:43:01","guid":{"rendered":"http:\/\/www.heimatverein-voerde.de\/?p=1540"},"modified":"2019-10-20T10:48:47","modified_gmt":"2019-10-20T09:48:47","slug":"noch-mal-proelken-koffi-vor-dem-voerder-heimatabend-2019","status":"publish","type":"post","link":"https:\/\/www.heimatverein-voerde.de\/?p=1540","title":{"rendered":"Noch mal Pr\u00f6lken Koffi vor dem Voerder Heimatabend 2019"},"content":{"rendered":"\n<p>Am kommenden Samstag, 26.10.2019, ab 09.30 Uhr findet das letzte Pr\u00f6lken Koffi des Voerder Heimatvereins im evangelischen Gemeindehaus statt.<\/p>\n\n\n\n<p>Zum letzten Mal in diesem Jahr bereitet das Team um Ute Heimhardt das Pr\u00f6lken Koffi vor. Es gibt wie immer ein leckeres Fr\u00fchst\u00fcck und vielleicht auch den ein oder anderen (plattdeutschen) Vortrag. Ganz sicher ist es aber ein geselliger Vormittag mit der Gelegenheit Voerder Neuigkeiten auszutauschen.<\/p>\n\n\n\n<p>Der Eintritt ist wie immer kostenlos, der\nHeimatverein Voerde freut sich aber \u00fcber eine kleine Spende.<\/p>\n","protected":false},"excerpt":{"rendered":"<p>Am kommenden Samstag, 26.10.2019, ab 09.30 Uhr findet das letzte Pr\u00f6lken Koffi des Voerder Heimatvereins im evangelischen Gemeindehaus statt. Zum letzten Mal in diesem Jahr bereitet das Team um Ute Heimhardt das Pr\u00f6lken Koffi vor. Es gibt wie immer ein &hellip; <a href=\"https:\/\/www.heimatverein-voerde.de\/?p=1540\">Weiterlesen <span class=\"meta-nav\">&rarr;<\/span><\/a><\/p>\n","protected":false},"author":2,"featured_media":0,"comment_status":"closed","ping_status":"open","sticky":false,"template":"","format":"standard","meta":{"_exactmetrics_skip_tracking":false,"_exactmetrics_sitenote_active":false,"_exactmetrics_sitenote_note":"","_exactmetrics_sitenote_category":0,"_jetpack_memberships_contains_paid_content":false,"footnotes":""},"categories":[1],"tags":[],"class_list":["post-1540","post","type-post","status-publish","format-standard","hentry","category-allgemein"],"jetpack_featured_media_url":"","jetpack_sharing_enabled":true,"_links":{"self":[{"href":"https:\/\/www.heimatverein-voerde.de\/index.php?rest_route=\/wp\/v2\/posts\/1540","targetHints":{"allow":["GET"]}}],"collection":[{"href":"https:\/\/www.heimatverein-voerde.de\/index.php?rest_route=\/wp\/v2\/posts"}],"about":[{"href":"https:\/\/www.heimatverein-voerde.de\/index.php?rest_route=\/wp\/v2\/types\/post"}],"author":[{"embeddable":true,"href":"https:\/\/www.heimatverein-voerde.de\/index.php?rest_route=\/wp\/v2\/users\/2"}],"replies":[{"embeddable":true,"href":"https:\/\/www.heimatverein-voerde.de\/index.php?rest_route=%2Fwp%2Fv2%2Fcomments&post=1540"}],"version-history":[{"count":5,"href":"https:\/\/www.heimatverein-voerde.de\/index.php?rest_route=\/wp\/v2\/posts\/1540\/revisions"}],"predecessor-version":[{"id":1545,"href":"https:\/\/www.heimatverein-voerde.de\/index.php?rest_route=\/wp\/v2\/posts\/1540\/revisions\/1545"}],"wp:attachment":[{"href":"https:\/\/www.heimatverein-voerde.de\/index.php?rest_route=%2Fwp%2Fv2%2Fmedia&parent=1540"}],"wp:term":[{"taxonomy":"category","embeddable":true,"href":"https:\/\/www.heimatverein-voerde.de\/index.php?rest_route=%2Fwp%2Fv2%2Fcategories&post=1540"},{"taxonomy":"post_tag","embeddable":true,"href":"https:\/\/www.heimatverein-voerde.de\/index.php?rest_route=%2Fwp%2Fv2%2Ftags&post=1540"}],"curies":[{"name":"wp","href":"https:\/\/api.w.org\/{rel}","templated":true}]}}