{"id":1562,"date":"2019-11-22T16:26:53","date_gmt":"2019-11-22T15:26:53","guid":{"rendered":"http:\/\/www.heimatverein-voerde.de\/?p=1562"},"modified":"2019-11-22T16:26:53","modified_gmt":"2019-11-22T15:26:53","slug":"in-voerde-wird-es-weihnachtlich-schmuecken-des-voerder-weihnachtsbaumes","status":"publish","type":"post","link":"https:\/\/www.heimatverein-voerde.de\/?p=1562","title":{"rendered":"In Voerde wird es weihnachtlich. Schm\u00fccken des Voerder Weihnachtsbaumes"},"content":{"rendered":"<p><a href=\"http:\/\/www.heimatverein-voerde.de\/wp-content\/uploads\/2019\/11\/IMG_4257.jpg\"><img loading=\"lazy\" decoding=\"async\" class=\"size-full wp-image-1554 alignleft\" src=\"http:\/\/www.heimatverein-voerde.de\/wp-content\/uploads\/2019\/11\/IMG_4257.jpg\" alt=\"\" width=\"191\" height=\"303\" srcset=\"https:\/\/www.heimatverein-voerde.de\/wp-content\/uploads\/2019\/11\/IMG_4257.jpg 191w, https:\/\/www.heimatverein-voerde.de\/wp-content\/uploads\/2019\/11\/IMG_4257-189x300.jpg 189w\" sizes=\"auto, (max-width: 191px) 100vw, 191px\" \/><\/a>Am kommenden Donnerstag, 28. November, ab 17:00 Uhr wird in Ennepetal-Voerde wieder der Weihnachtsbaum im Z\u00f6nchen neben der Glocke geschm\u00fcckt. Der Heimatverein Voerde wird einen kleinen Imbiss und hei\u00dfe Getr\u00e4nke anbieten. Mitgebrachter Baumschmuck des Besucher wird gerne aufgeh\u00e4ngt. Ab ca. 18:00 Uhr werden die Lichter eingeschaltet. Auch ein weihnachtliches Musikprogramm Familie Stanescu wird es wieder geben, um in Voerde die Adventszeit einzul\u00e4uten.<\/p>\n","protected":false},"excerpt":{"rendered":"<p>Am kommenden Donnerstag, 28. November, ab 17:00 Uhr wird in Ennepetal-Voerde wieder der Weihnachtsbaum im Z\u00f6nchen neben der Glocke geschm\u00fcckt. Der Heimatverein Voerde wird einen kleinen Imbiss und hei\u00dfe Getr\u00e4nke anbieten. Mitgebrachter Baumschmuck des Besucher wird gerne aufgeh\u00e4ngt. Ab ca. &hellip; <a href=\"https:\/\/www.heimatverein-voerde.de\/?p=1562\">Weiterlesen <span class=\"meta-nav\">&rarr;<\/span><\/a><\/p>\n","protected":false},"author":2,"featured_media":0,"comment_status":"closed","ping_status":"open","sticky":false,"template":"","format":"standard","meta":{"_exactmetrics_skip_tracking":false,"_exactmetrics_sitenote_active":false,"_exactmetrics_sitenote_note":"","_exactmetrics_sitenote_category":0,"_jetpack_memberships_contains_paid_content":false,"footnotes":""},"categories":[1],"tags":[],"class_list":["post-1562","post","type-post","status-publish","format-standard","hentry","category-allgemein"],"jetpack_featured_media_url":"","jetpack_sharing_enabled":true,"_links":{"self":[{"href":"https:\/\/www.heimatverein-voerde.de\/index.php?rest_route=\/wp\/v2\/posts\/1562","targetHints":{"allow":["GET"]}}],"collection":[{"href":"https:\/\/www.heimatverein-voerde.de\/index.php?rest_route=\/wp\/v2\/posts"}],"about":[{"href":"https:\/\/www.heimatverein-voerde.de\/index.php?rest_route=\/wp\/v2\/types\/post"}],"author":[{"embeddable":true,"href":"https:\/\/www.heimatverein-voerde.de\/index.php?rest_route=\/wp\/v2\/users\/2"}],"replies":[{"embeddable":true,"href":"https:\/\/www.heimatverein-voerde.de\/index.php?rest_route=%2Fwp%2Fv2%2Fcomments&post=1562"}],"version-history":[{"count":1,"href":"https:\/\/www.heimatverein-voerde.de\/index.php?rest_route=\/wp\/v2\/posts\/1562\/revisions"}],"predecessor-version":[{"id":1563,"href":"https:\/\/www.heimatverein-voerde.de\/index.php?rest_route=\/wp\/v2\/posts\/1562\/revisions\/1563"}],"wp:attachment":[{"href":"https:\/\/www.heimatverein-voerde.de\/index.php?rest_route=%2Fwp%2Fv2%2Fmedia&parent=1562"}],"wp:term":[{"taxonomy":"category","embeddable":true,"href":"https:\/\/www.heimatverein-voerde.de\/index.php?rest_route=%2Fwp%2Fv2%2Fcategories&post=1562"},{"taxonomy":"post_tag","embeddable":true,"href":"https:\/\/www.heimatverein-voerde.de\/index.php?rest_route=%2Fwp%2Fv2%2Ftags&post=1562"}],"curies":[{"name":"wp","href":"https:\/\/api.w.org\/{rel}","templated":true}]}}