{"id":1572,"date":"2020-02-08T12:13:24","date_gmt":"2020-02-08T11:13:24","guid":{"rendered":"http:\/\/www.heimatverein-voerde.de\/?p=1572"},"modified":"2020-02-10T11:05:34","modified_gmt":"2020-02-10T10:05:34","slug":"heimatverein-voerde-beginnt-neues-jahr-mit-proelken-koffi","status":"publish","type":"post","link":"https:\/\/www.heimatverein-voerde.de\/?p=1572","title":{"rendered":"Heimatverein Voerde beginnt neues Jahr mit Pr\u00f6lken Koffi"},"content":{"rendered":"<p>Am kommenden Samstag, 15.02.2020 ab 09.30 Uhr setzt der Voerder Heimatverein seine erfolgreiche Pr\u00f6lken-Koffi-Reihe auch in 2020 fort.<\/p>\n<p>Wie immer wird es im ev. Gemeindezentrum ein reichhaltiges und leckeres Fr\u00fchst\u00fcck geben.<br \/>\nUnd da das letzte Pr\u00f6lken Koffi nun schon vor mehr als 3 Monaten stattfand, gibt es sicherlich auch reichlich Voerder Gespr\u00e4chsthemen.<\/p>\n<p>Auch Nichtvereinsmitglieder sind willkommen, der Eintritt ist wie immer frei. Der Heimatverein Voerde freut sich aber \u00fcber eine kleine Spende.    <\/p>\n","protected":false},"excerpt":{"rendered":"<p>Am kommenden Samstag, 15.02.2020 ab 09.30 Uhr setzt der Voerder Heimatverein seine erfolgreiche Pr\u00f6lken-Koffi-Reihe auch in 2020 fort. Wie immer wird es im ev. Gemeindezentrum ein reichhaltiges und leckeres Fr\u00fchst\u00fcck geben. Und da das letzte Pr\u00f6lken Koffi nun schon vor &hellip; <a href=\"https:\/\/www.heimatverein-voerde.de\/?p=1572\">Weiterlesen <span class=\"meta-nav\">&rarr;<\/span><\/a><\/p>\n","protected":false},"author":2,"featured_media":0,"comment_status":"closed","ping_status":"open","sticky":false,"template":"","format":"standard","meta":{"_exactmetrics_skip_tracking":false,"_exactmetrics_sitenote_active":false,"_exactmetrics_sitenote_note":"","_exactmetrics_sitenote_category":0,"_jetpack_memberships_contains_paid_content":false,"footnotes":""},"categories":[1],"tags":[],"class_list":["post-1572","post","type-post","status-publish","format-standard","hentry","category-allgemein"],"jetpack_featured_media_url":"","jetpack_sharing_enabled":true,"_links":{"self":[{"href":"https:\/\/www.heimatverein-voerde.de\/index.php?rest_route=\/wp\/v2\/posts\/1572","targetHints":{"allow":["GET"]}}],"collection":[{"href":"https:\/\/www.heimatverein-voerde.de\/index.php?rest_route=\/wp\/v2\/posts"}],"about":[{"href":"https:\/\/www.heimatverein-voerde.de\/index.php?rest_route=\/wp\/v2\/types\/post"}],"author":[{"embeddable":true,"href":"https:\/\/www.heimatverein-voerde.de\/index.php?rest_route=\/wp\/v2\/users\/2"}],"replies":[{"embeddable":true,"href":"https:\/\/www.heimatverein-voerde.de\/index.php?rest_route=%2Fwp%2Fv2%2Fcomments&post=1572"}],"version-history":[{"count":3,"href":"https:\/\/www.heimatverein-voerde.de\/index.php?rest_route=\/wp\/v2\/posts\/1572\/revisions"}],"predecessor-version":[{"id":1575,"href":"https:\/\/www.heimatverein-voerde.de\/index.php?rest_route=\/wp\/v2\/posts\/1572\/revisions\/1575"}],"wp:attachment":[{"href":"https:\/\/www.heimatverein-voerde.de\/index.php?rest_route=%2Fwp%2Fv2%2Fmedia&parent=1572"}],"wp:term":[{"taxonomy":"category","embeddable":true,"href":"https:\/\/www.heimatverein-voerde.de\/index.php?rest_route=%2Fwp%2Fv2%2Fcategories&post=1572"},{"taxonomy":"post_tag","embeddable":true,"href":"https:\/\/www.heimatverein-voerde.de\/index.php?rest_route=%2Fwp%2Fv2%2Ftags&post=1572"}],"curies":[{"name":"wp","href":"https:\/\/api.w.org\/{rel}","templated":true}]}}