{"id":1595,"date":"2020-04-22T12:59:23","date_gmt":"2020-04-22T11:59:23","guid":{"rendered":"http:\/\/www.heimatverein-voerde.de\/?p=1595"},"modified":"2020-04-22T12:59:23","modified_gmt":"2020-04-22T11:59:23","slug":"heimatverein-voerde-sagt-alle-begleitveranstaltungen-zur-voerder-kirmes-2020-ab","status":"publish","type":"post","link":"https:\/\/www.heimatverein-voerde.de\/?p=1595","title":{"rendered":"Heimatverein Voerde sagt alle Begleitveranstaltungen zur Voerder Kirmes 2020 ab"},"content":{"rendered":"<p>Lange haben wir gewartet, die meisten haben es bereits geahnt \u2013 nun ist es offiziell. Der Heimatverein Voerde sagt alle Begleitveranstaltungen zur Voerder Kirmes ab.<\/p>\n<p>Damit gibt es in diesem Jahr keinen neuen Voerder Ehrennachtw\u00e4chter und damit auch keine Ehrennachtw\u00e4chterk\u00fcrung.<br \/>\nDer Festumzug zur Er\u00f6ffnung der Voerder Kirmes mit Fassanstich ist ebenso abgesagt.<\/p>\n<p>Immer wieder haben wir gewartet und auf Besserung gehofft. Nun sind nach der Jahreshauptversammlung, dem Aufstellen des Maibaumes und unseren regelm\u00e4\u00dfigen Zusammenk\u00fcnften auch noch unsere Traditionsveranstaltungen wie die Ehrennachtw\u00e4chterk\u00fcrung und der Festumzug zur Kirmeser\u00f6ffnung dem Coronavirus zum Opfer gefallen.<\/p>\n<p>Schon seit Mitte M\u00e4rz haben wir uns schrittweise an die Veranstaltungen herangetastet. So auch jetzt. In der Geschichte des Heimatverein Voerde hat es das noch nie gegeben und es tut uns unendlich leid, aber wir k\u00f6nnen uns mit den geltenden Abstandsregelungen einfach keinen fr\u00f6hlichen Festumzug durch Voerde vorstellen. Wahl und K\u00fcrung des Voerder Ehrennachtw\u00e4chters sind zurzeit einfach nicht m\u00f6glich. Und nicht zuletzt brauchen wir und die teilnehmenden Vereine auch Planungssicherheit.<\/p>\n<p>Die Stadt Ennepetal wird in den n\u00e4chsten Tagen zur Voerder Kirmes selbst eine Entscheidung treffen.<\/p>\n","protected":false},"excerpt":{"rendered":"<p>Lange haben wir gewartet, die meisten haben es bereits geahnt \u2013 nun ist es offiziell. Der Heimatverein Voerde sagt alle Begleitveranstaltungen zur Voerder Kirmes ab. Damit gibt es in diesem Jahr keinen neuen Voerder Ehrennachtw\u00e4chter und damit auch keine Ehrennachtw\u00e4chterk\u00fcrung. &hellip; <a href=\"https:\/\/www.heimatverein-voerde.de\/?p=1595\">Weiterlesen <span class=\"meta-nav\">&rarr;<\/span><\/a><\/p>\n","protected":false},"author":2,"featured_media":0,"comment_status":"closed","ping_status":"open","sticky":false,"template":"","format":"standard","meta":{"_exactmetrics_skip_tracking":false,"_exactmetrics_sitenote_active":false,"_exactmetrics_sitenote_note":"","_exactmetrics_sitenote_category":0,"_jetpack_memberships_contains_paid_content":false,"footnotes":""},"categories":[1],"tags":[],"class_list":["post-1595","post","type-post","status-publish","format-standard","hentry","category-allgemein"],"jetpack_featured_media_url":"","jetpack_sharing_enabled":true,"_links":{"self":[{"href":"https:\/\/www.heimatverein-voerde.de\/index.php?rest_route=\/wp\/v2\/posts\/1595","targetHints":{"allow":["GET"]}}],"collection":[{"href":"https:\/\/www.heimatverein-voerde.de\/index.php?rest_route=\/wp\/v2\/posts"}],"about":[{"href":"https:\/\/www.heimatverein-voerde.de\/index.php?rest_route=\/wp\/v2\/types\/post"}],"author":[{"embeddable":true,"href":"https:\/\/www.heimatverein-voerde.de\/index.php?rest_route=\/wp\/v2\/users\/2"}],"replies":[{"embeddable":true,"href":"https:\/\/www.heimatverein-voerde.de\/index.php?rest_route=%2Fwp%2Fv2%2Fcomments&post=1595"}],"version-history":[{"count":2,"href":"https:\/\/www.heimatverein-voerde.de\/index.php?rest_route=\/wp\/v2\/posts\/1595\/revisions"}],"predecessor-version":[{"id":1597,"href":"https:\/\/www.heimatverein-voerde.de\/index.php?rest_route=\/wp\/v2\/posts\/1595\/revisions\/1597"}],"wp:attachment":[{"href":"https:\/\/www.heimatverein-voerde.de\/index.php?rest_route=%2Fwp%2Fv2%2Fmedia&parent=1595"}],"wp:term":[{"taxonomy":"category","embeddable":true,"href":"https:\/\/www.heimatverein-voerde.de\/index.php?rest_route=%2Fwp%2Fv2%2Fcategories&post=1595"},{"taxonomy":"post_tag","embeddable":true,"href":"https:\/\/www.heimatverein-voerde.de\/index.php?rest_route=%2Fwp%2Fv2%2Ftags&post=1595"}],"curies":[{"name":"wp","href":"https:\/\/api.w.org\/{rel}","templated":true}]}}