{"id":1616,"date":"2020-10-31T13:26:09","date_gmt":"2020-10-31T12:26:09","guid":{"rendered":"http:\/\/www.heimatverein-voerde.de\/?p=1616"},"modified":"2020-10-31T13:26:09","modified_gmt":"2020-10-31T12:26:09","slug":"voerde-von-oben-neuer-kalender-vom-heimatverein-voerde","status":"publish","type":"post","link":"https:\/\/www.heimatverein-voerde.de\/?p=1616","title":{"rendered":"Voerde von oben, neuer Kalender vom Heimatverein Voerde"},"content":{"rendered":"<p><a href=\"http:\/\/www.heimatverein-voerde.de\/wp-content\/uploads\/2020\/10\/HVV_Kalender_2020-scaled.jpg\"><img loading=\"lazy\" decoding=\"async\" class=\"size-medium wp-image-1617 alignleft\" src=\"http:\/\/www.heimatverein-voerde.de\/wp-content\/uploads\/2020\/10\/HVV_Kalender_2020-300x216.jpg\" alt=\"\" width=\"300\" height=\"216\" srcset=\"https:\/\/www.heimatverein-voerde.de\/wp-content\/uploads\/2020\/10\/HVV_Kalender_2020-300x216.jpg 300w, https:\/\/www.heimatverein-voerde.de\/wp-content\/uploads\/2020\/10\/HVV_Kalender_2020-1024x736.jpg 1024w, https:\/\/www.heimatverein-voerde.de\/wp-content\/uploads\/2020\/10\/HVV_Kalender_2020-768x552.jpg 768w, https:\/\/www.heimatverein-voerde.de\/wp-content\/uploads\/2020\/10\/HVV_Kalender_2020-1536x1103.jpg 1536w, https:\/\/www.heimatverein-voerde.de\/wp-content\/uploads\/2020\/10\/HVV_Kalender_2020-2048x1471.jpg 2048w\" sizes=\"auto, (max-width: 300px) 100vw, 300px\" \/><\/a>In diesem Jahr hat der Heimatverein Voerde einen neuen Kalender aufgelegt. Zw\u00f6lf Fotos aus der Vogelperspektive zeigen den Ennepetaler Stadtteil und sein n\u00e4heres Umfeld mal aus einem ganz anderen Blickwinkel. Der Voerder Drohnenpilot Marc Dobrick hat die Fotos dem Heimatverein Voerde mit Unterst\u00fctzung von Roman Kruczicki zur Verf\u00fcgung gestellt. Zwischen Fotoerstellung und Druck ist allerdings schon wieder einige Zeit vergangen, sodass dem aufmerksamen Beobachter die ein oder andere Ver\u00e4nderung auffallen wird.<\/p>\n<p>Mit Blick auf die Corona-Pandemie hat der Voerder Heimatverein in diesem Jahr bewusst auf den Druck der Vereinstermine verzichtet. Die Voerder Kirmes vom 12. bis 15. Juni 2021 ist allerdings dick vermerkt.<\/p>\n<p>Der Kalender ist ab sofort f\u00fcr 3,00 \u20ac in folgenden Gesch\u00e4ften erh\u00e4ltlich:<\/p>\n<ul>\n<li>Voerder Kreiselmarkt, Wilhelmstra\u00dfe 9, Ennepetal<\/li>\n<li>Stil und Bl\u00fcte, An der Kirche 3, Ennepetal<\/li>\n<li>Reiseb\u00fcro B\u00fclbring, Lindenstra\u00dfe 19, Ennepetal<\/li>\n<li>B\u00fccher Bochhammer, Mittelstra\u00dfe 28 Ennepetal<\/li>\n<\/ul>\n","protected":false},"excerpt":{"rendered":"<p>In diesem Jahr hat der Heimatverein Voerde einen neuen Kalender aufgelegt. Zw\u00f6lf Fotos aus der Vogelperspektive zeigen den Ennepetaler Stadtteil und sein n\u00e4heres Umfeld mal aus einem ganz anderen Blickwinkel. Der Voerder Drohnenpilot Marc Dobrick hat die Fotos dem Heimatverein &hellip; <a href=\"https:\/\/www.heimatverein-voerde.de\/?p=1616\">Weiterlesen <span class=\"meta-nav\">&rarr;<\/span><\/a><\/p>\n","protected":false},"author":2,"featured_media":0,"comment_status":"closed","ping_status":"open","sticky":false,"template":"","format":"standard","meta":{"_exactmetrics_skip_tracking":false,"_exactmetrics_sitenote_active":false,"_exactmetrics_sitenote_note":"","_exactmetrics_sitenote_category":0,"_jetpack_memberships_contains_paid_content":false,"footnotes":""},"categories":[1],"tags":[],"class_list":["post-1616","post","type-post","status-publish","format-standard","hentry","category-allgemein"],"jetpack_featured_media_url":"","jetpack_sharing_enabled":true,"_links":{"self":[{"href":"https:\/\/www.heimatverein-voerde.de\/index.php?rest_route=\/wp\/v2\/posts\/1616","targetHints":{"allow":["GET"]}}],"collection":[{"href":"https:\/\/www.heimatverein-voerde.de\/index.php?rest_route=\/wp\/v2\/posts"}],"about":[{"href":"https:\/\/www.heimatverein-voerde.de\/index.php?rest_route=\/wp\/v2\/types\/post"}],"author":[{"embeddable":true,"href":"https:\/\/www.heimatverein-voerde.de\/index.php?rest_route=\/wp\/v2\/users\/2"}],"replies":[{"embeddable":true,"href":"https:\/\/www.heimatverein-voerde.de\/index.php?rest_route=%2Fwp%2Fv2%2Fcomments&post=1616"}],"version-history":[{"count":1,"href":"https:\/\/www.heimatverein-voerde.de\/index.php?rest_route=\/wp\/v2\/posts\/1616\/revisions"}],"predecessor-version":[{"id":1618,"href":"https:\/\/www.heimatverein-voerde.de\/index.php?rest_route=\/wp\/v2\/posts\/1616\/revisions\/1618"}],"wp:attachment":[{"href":"https:\/\/www.heimatverein-voerde.de\/index.php?rest_route=%2Fwp%2Fv2%2Fmedia&parent=1616"}],"wp:term":[{"taxonomy":"category","embeddable":true,"href":"https:\/\/www.heimatverein-voerde.de\/index.php?rest_route=%2Fwp%2Fv2%2Fcategories&post=1616"},{"taxonomy":"post_tag","embeddable":true,"href":"https:\/\/www.heimatverein-voerde.de\/index.php?rest_route=%2Fwp%2Fv2%2Ftags&post=1616"}],"curies":[{"name":"wp","href":"https:\/\/api.w.org\/{rel}","templated":true}]}}