{"id":1716,"date":"2023-04-02T11:43:56","date_gmt":"2023-04-02T10:43:56","guid":{"rendered":"http:\/\/www.heimatverein-voerde.de\/?p=1716"},"modified":"2023-04-02T11:43:56","modified_gmt":"2023-04-02T10:43:56","slug":"anmeldung-zum-festumzug-zur-voerder-kirmes-2023-ab-sofort-geoeffnet","status":"publish","type":"post","link":"https:\/\/www.heimatverein-voerde.de\/?p=1716","title":{"rendered":"Anmeldung zum Festumzug zur Voerder Kirmes 2023 ab sofort ge\u00f6ffnet"},"content":{"rendered":"<p><a href=\"http:\/\/www.heimatverein-voerde.de\/wp-content\/uploads\/2023\/04\/VoerderKirmes2022-118.jpg\"><img loading=\"lazy\" decoding=\"async\" class=\"alignnone size-full wp-image-1718\" src=\"http:\/\/www.heimatverein-voerde.de\/wp-content\/uploads\/2023\/04\/VoerderKirmes2022-118.jpg\" alt=\"\" width=\"534\" height=\"356\" srcset=\"https:\/\/www.heimatverein-voerde.de\/wp-content\/uploads\/2023\/04\/VoerderKirmes2022-118.jpg 534w, https:\/\/www.heimatverein-voerde.de\/wp-content\/uploads\/2023\/04\/VoerderKirmes2022-118-300x200.jpg 300w\" sizes=\"auto, (max-width: 534px) 100vw, 534px\" \/><\/a><\/p>\n<p>Vor einer Woche hat die letzte Sicherheitsbesprechung zur Voerder Kirmes mit Teilnehmern vom Ordnungsamt, Polizei, Feuerwehr, Stadtbetrieben, VER und Heimatverein Voerde stattgefunden.<\/p>\n<p>Alle Zeichen stehen jetzt auf Start, es kann also losgehen.<\/p>\n<p><u>\u00a0<\/u><u>\u00c4nderungen zum Vorjahr ergeben sich nicht! <\/u>Es bleibt f\u00fcr uns also alles wie gehabt.<\/p>\n<p>Eine dringende Bitte von Polizei und Ordnungsamt: Bitte nicht vor 13:00 Uhr am Aufstellort auf der Milsper Stra\u00dfe erscheinen. Vorher wird die Stra\u00dfe nicht gesperrt!<\/p>\n<p>Ab sofort ist die Anmeldung auch offiziell er\u00f6ffnet.<\/p>\n<p>Wir ber\u00fccksichtigen alle Anmeldungen bis zum 22.05.2023,<br \/>\ngerne unter der EMail-Adresse: <a href=\"mailto:vorstand@heimatverein-voerde.de\">vorstand@heimatverein-voerde.de<\/a><\/p>\n<p>Wichtig ist die Anzahl der Kinder wg. der Freikarten f\u00fcr die Voerder Kirmes.<\/p>\n<p>&nbsp;<\/p>\n<p><strong><u>Es gelten folgende Regeln:<\/u><\/strong><\/p>\n<ol>\n<li><\/li>\n<\/ol>\n<p>Der Umzug findet am <strong>Samstag, 03.06.2023 <\/strong>statt. Wir starten <strong>p\u00fcnktlich um 14.00 Uhr<\/strong>.<\/p>\n<ol start=\"2\">\n<li><\/li>\n<\/ol>\n<p>Aufstellort ist die Milsper Stra\u00dfe in Ennepetal-Voerde in H\u00f6he der katholischen Kirche auf der rechten Fahrbahnh\u00e4lfte in Richtung Voerde. Die Zugteilnehmer stellen sich \u2013 bitte nicht vor 13:00 Uhr -entgegen der Zugfolge auf. Das hei\u00dft, der erste steht ganz hinten und geht\/f\u00e4hrt an allen Zugteilnehmern vorbei. Die Startnummern im Umzug werden noch mitgeteilt, wenn alle Teilnehmer feststehen. Diese Startnummern sind besonders wichtig, weil unter allen ehrenamtlichen Zugteilnehmern (also ohne Verg\u00fctung) der B\u00fcrgermeisterwanderpokal der Stadt Ennepetal verlost wird. Mit diesem Wanderpokal sind viele Verg\u00fcnstigungen auf der Voerder Kirmes verbunden inkl. zwei Eintrittskarten f\u00fcr den Empfang der B\u00fcrgermeisterin am 04.06.2023. Die Verlosung findet direkt beim Fassanstich auf dem Kirmesplatz statt!<\/p>\n<ol start=\"3\">\n<li><\/li>\n<\/ol>\n<p>Die Anreise im Zugwagen (sofern diese eingesetzt werden) muss leer erfolgen. Es ist also nicht gestattet, Personen auf dem Anh\u00e4nger w\u00e4hrend der Anreise zu transportieren. Das gilt ebenso f\u00fcr die Abreise. Der Aufenthalt von Personen auf dem Anh\u00e4nger ist nur w\u00e4hrend des Umzuges gestattet.<\/p>\n<ol start=\"4\">\n<li><\/li>\n<\/ol>\n<p>Festzugwagen (sofern diese eingesetzt werden) m\u00fcssen den T\u00dcV-Bestimmungen gen\u00fcgen und f\u00fcr den \u00f6ffentlichen Stra\u00dfenverkehr zugelassen sein. Die maximale Fahrzeugbreite darf 2,50 Meter nicht \u00fcberschreiten.<\/p>\n<ol start=\"5\">\n<li><\/li>\n<\/ol>\n<p>Auf den Wagen (sofern diese eingesetzt werden) m\u00fcssen Absturzsicherungen (Gel\u00e4nder) und Festhaltem\u00f6glichkeiten vorhanden sein.<\/p>\n<ol start=\"6\">\n<li><\/li>\n<\/ol>\n<p>Evtl. Wurfmaterial (S\u00fc\u00dfigkeiten usw.) muss weit weg vom Wagen landen. Das Werfen ist von Fahrzeugen aus nur erlaubt, wenn an jedem! Rad eine Aufsicht (sogenannter Wagenengel) mitgeht.<\/p>\n<ol start=\"7\">\n<li><\/li>\n<\/ol>\n<p>Es ist sicherzustellen, dass keine Personen von den Zugmaschinen oder Wagen verletzt werden k\u00f6nnen.<\/p>\n<ol start=\"8\">\n<li><\/li>\n<\/ol>\n<p>Festzugwagen (sofern diese eingesetzt werden) fahren nach Zugende in der Lindenstra\u00dfe auf jeden Fall bis auf die Hagener Stra\u00dfe in Richtung Hagen bis in H\u00f6he der Aldi-Zufahrt. Erst dort d\u00fcrfen Passagiere den Wagen verlassen.<\/p>\n<p>10.<\/p>\n<p>Auch Fu\u00dfgruppen gehen bis auch die Hagener Stra\u00dfe und von dort auf direktem Wege auf den Kirmesplatz zur Er\u00f6ffnung der Kirmes.<\/p>\n<ol start=\"11\">\n<li><\/li>\n<\/ol>\n<p>Die Teilnahme am Umzug erfolgt auf eigene Gefahr, jeder ist f\u00fcr sich selbst verantwortlich.<\/p>\n<p>&nbsp;<\/p>\n<p>Bestes Kirmeswetter haben wir schon bestellt und freuen uns auf eine sch\u00f6ne Voerder Kirmes 2023.<\/p>\n<p>Bis dahin verbleiben wir<br \/>\nmit heimatlichen Gr\u00fc\u00dfen<\/p>\n<p>Euer Heimatverein Voerde<\/p>\n","protected":false},"excerpt":{"rendered":"<p>Vor einer Woche hat die letzte Sicherheitsbesprechung zur Voerder Kirmes mit Teilnehmern vom Ordnungsamt, Polizei, Feuerwehr, Stadtbetrieben, VER und Heimatverein Voerde stattgefunden. Alle Zeichen stehen jetzt auf Start, es kann also losgehen. \u00a0\u00c4nderungen zum Vorjahr ergeben sich nicht! Es bleibt &hellip; <a href=\"https:\/\/www.heimatverein-voerde.de\/?p=1716\">Weiterlesen <span class=\"meta-nav\">&rarr;<\/span><\/a><\/p>\n","protected":false},"author":2,"featured_media":0,"comment_status":"closed","ping_status":"open","sticky":false,"template":"","format":"standard","meta":{"_exactmetrics_skip_tracking":false,"_exactmetrics_sitenote_active":false,"_exactmetrics_sitenote_note":"","_exactmetrics_sitenote_category":0,"_jetpack_memberships_contains_paid_content":false,"footnotes":""},"categories":[1],"tags":[],"class_list":["post-1716","post","type-post","status-publish","format-standard","hentry","category-allgemein"],"jetpack_featured_media_url":"","jetpack_sharing_enabled":true,"_links":{"self":[{"href":"https:\/\/www.heimatverein-voerde.de\/index.php?rest_route=\/wp\/v2\/posts\/1716","targetHints":{"allow":["GET"]}}],"collection":[{"href":"https:\/\/www.heimatverein-voerde.de\/index.php?rest_route=\/wp\/v2\/posts"}],"about":[{"href":"https:\/\/www.heimatverein-voerde.de\/index.php?rest_route=\/wp\/v2\/types\/post"}],"author":[{"embeddable":true,"href":"https:\/\/www.heimatverein-voerde.de\/index.php?rest_route=\/wp\/v2\/users\/2"}],"replies":[{"embeddable":true,"href":"https:\/\/www.heimatverein-voerde.de\/index.php?rest_route=%2Fwp%2Fv2%2Fcomments&post=1716"}],"version-history":[{"count":3,"href":"https:\/\/www.heimatverein-voerde.de\/index.php?rest_route=\/wp\/v2\/posts\/1716\/revisions"}],"predecessor-version":[{"id":1720,"href":"https:\/\/www.heimatverein-voerde.de\/index.php?rest_route=\/wp\/v2\/posts\/1716\/revisions\/1720"}],"wp:attachment":[{"href":"https:\/\/www.heimatverein-voerde.de\/index.php?rest_route=%2Fwp%2Fv2%2Fmedia&parent=1716"}],"wp:term":[{"taxonomy":"category","embeddable":true,"href":"https:\/\/www.heimatverein-voerde.de\/index.php?rest_route=%2Fwp%2Fv2%2Fcategories&post=1716"},{"taxonomy":"post_tag","embeddable":true,"href":"https:\/\/www.heimatverein-voerde.de\/index.php?rest_route=%2Fwp%2Fv2%2Ftags&post=1716"}],"curies":[{"name":"wp","href":"https:\/\/api.w.org\/{rel}","templated":true}]}}