{"id":1730,"date":"2023-05-02T12:01:45","date_gmt":"2023-05-02T11:01:45","guid":{"rendered":"http:\/\/www.heimatverein-voerde.de\/?p=1730"},"modified":"2023-05-02T12:01:45","modified_gmt":"2023-05-02T11:01:45","slug":"proelken-koffi-beim-heimatverein-voerde-3","status":"publish","type":"post","link":"https:\/\/www.heimatverein-voerde.de\/?p=1730","title":{"rendered":"Pr\u00f6lken Koffi beim Heimatverein Voerde"},"content":{"rendered":"<p>Am kommenden Samstag, 06. Mai findet wieder das beliebte Pr\u00f6lken Koffi des Heimatverein Voerde statt. Wie immer gibt es ab 09:30 Uhr im evangelischen Gemeindezentrum ein leckeres Fr\u00fchst\u00fcck und Gelegenheit zum gem\u00fctlichen Plausch. Dieses Mal haben Gudrun Giesick und Horst Winkel einen Fotovortrag mit alten und neuen Voerder Ansichten vorbereitet.<\/p>\n<p>Auch Nichtvereinsmitglieder sind willkommen, der Eintritt ist wie immer frei. Der Heimatverein Voerde freut sich aber \u00fcber eine kleine Spende<\/p>\n","protected":false},"excerpt":{"rendered":"<p>Am kommenden Samstag, 06. Mai findet wieder das beliebte Pr\u00f6lken Koffi des Heimatverein Voerde statt. Wie immer gibt es ab 09:30 Uhr im evangelischen Gemeindezentrum ein leckeres Fr\u00fchst\u00fcck und Gelegenheit zum gem\u00fctlichen Plausch. Dieses Mal haben Gudrun Giesick und Horst &hellip; <a href=\"https:\/\/www.heimatverein-voerde.de\/?p=1730\">Weiterlesen <span class=\"meta-nav\">&rarr;<\/span><\/a><\/p>\n","protected":false},"author":2,"featured_media":0,"comment_status":"closed","ping_status":"open","sticky":false,"template":"","format":"standard","meta":{"_exactmetrics_skip_tracking":false,"_exactmetrics_sitenote_active":false,"_exactmetrics_sitenote_note":"","_exactmetrics_sitenote_category":0,"_jetpack_memberships_contains_paid_content":false,"footnotes":""},"categories":[1],"tags":[],"class_list":["post-1730","post","type-post","status-publish","format-standard","hentry","category-allgemein"],"jetpack_featured_media_url":"","jetpack_sharing_enabled":true,"_links":{"self":[{"href":"https:\/\/www.heimatverein-voerde.de\/index.php?rest_route=\/wp\/v2\/posts\/1730","targetHints":{"allow":["GET"]}}],"collection":[{"href":"https:\/\/www.heimatverein-voerde.de\/index.php?rest_route=\/wp\/v2\/posts"}],"about":[{"href":"https:\/\/www.heimatverein-voerde.de\/index.php?rest_route=\/wp\/v2\/types\/post"}],"author":[{"embeddable":true,"href":"https:\/\/www.heimatverein-voerde.de\/index.php?rest_route=\/wp\/v2\/users\/2"}],"replies":[{"embeddable":true,"href":"https:\/\/www.heimatverein-voerde.de\/index.php?rest_route=%2Fwp%2Fv2%2Fcomments&post=1730"}],"version-history":[{"count":1,"href":"https:\/\/www.heimatverein-voerde.de\/index.php?rest_route=\/wp\/v2\/posts\/1730\/revisions"}],"predecessor-version":[{"id":1731,"href":"https:\/\/www.heimatverein-voerde.de\/index.php?rest_route=\/wp\/v2\/posts\/1730\/revisions\/1731"}],"wp:attachment":[{"href":"https:\/\/www.heimatverein-voerde.de\/index.php?rest_route=%2Fwp%2Fv2%2Fmedia&parent=1730"}],"wp:term":[{"taxonomy":"category","embeddable":true,"href":"https:\/\/www.heimatverein-voerde.de\/index.php?rest_route=%2Fwp%2Fv2%2Fcategories&post=1730"},{"taxonomy":"post_tag","embeddable":true,"href":"https:\/\/www.heimatverein-voerde.de\/index.php?rest_route=%2Fwp%2Fv2%2Ftags&post=1730"}],"curies":[{"name":"wp","href":"https:\/\/api.w.org\/{rel}","templated":true}]}}