{"id":1733,"date":"2023-05-28T10:28:08","date_gmt":"2023-05-28T09:28:08","guid":{"rendered":"http:\/\/www.heimatverein-voerde.de\/?p=1733"},"modified":"2023-05-28T10:28:08","modified_gmt":"2023-05-28T09:28:08","slug":"festzugaufstellung-zur-eroeffnung-der-voerder-kirmes-2023","status":"publish","type":"post","link":"https:\/\/www.heimatverein-voerde.de\/?p=1733","title":{"rendered":"Festzugaufstellung zur Er\u00f6ffnung der Voerder Kirmes 2023"},"content":{"rendered":"<h3><strong>Zugstart: Samstag, 03.06.2023, 14:00 Uhr<\/strong><br \/>\n<strong>Aufstellung in umgekehrter Reihenfolge ab 13:00 Uhr.<\/strong><br \/>\nZugaufstellung beginnt auf der Milsper Stra\u00dfe in H\u00f6he der katholischen Kirche.<br \/>\nZugmoderation auf der Lindenstra\u00dfe von Marc Schulte (WDR Fernsehen)<\/h3>\n<p style=\"text-align: center;\">Zugspitze: Michael Buchholz und Polizei (Harry Hirsch)<\/p>\n<ol>\n<li>Kiepenkerle Klaus Dieter Wenderoth, Timo Pl\u00e4tz<\/li>\n<li>B\u00fcrgermeisterin Imke Heymann, B\u00fcrgermeister der Stadt Vilvoorde Hans Bonte und Hans Martin Heimhardt<\/li>\n<li>Cabrio: Ehrennachtw\u00e4chter des Vorjahres Helmut Schulte und amtierende Ehrennachtw\u00e4chterin Anke Althoetmar-R\u00fcmenapf<\/li>\n<li><span style=\"color: #000000;\">Stadt- und Feuerwehrkapelle<\/span><\/li>\n<li>Freiwillige Feuerwehr LG Voerde, LG Oberbauer und Kinderfeuerwehr<\/li>\n<li>FC Blau-Wei\u00df Voerde e.V.<\/li>\n<li>Turngemeinde Voerde von 1862 e.V.<\/li>\n<li>Voerder Sch\u00fctzenverein von 1607 e.V.<\/li>\n<li>To-San Ennepetal e. V.<\/li>\n<li>Erster Wagen der Stadt Ennepetal<\/li>\n<li>Zweiter Wagen der Stadt Ennepetal, 50 Jahre St\u00e4dtepartnerschaft Ennepetal-Vilvoorde<\/li>\n<li><span style=\"color: #000000;\">Fanfarenzug Schwarz-Gelb Hagen<\/span><\/li>\n<li>Wagen der Voerder Ehrennachtw\u00e4chter<\/li>\n<li>Fu\u00dfgruppe Heimatverein Voerde<\/li>\n<li>Jongliergruppe Loher Nocken<\/li>\n<li>Dorfgemeinschaft Freistaat Oberbauer<\/li>\n<li>ASV K\u00f6nigsangler Voerde e.V.<\/li>\n<li>Ennepetaler Racoons Baseball- und Softballclub 1984 e.V.<\/li>\n<li>Blueline Show- und Marchingband Hagen<\/li>\n<li><span style=\"color: #000000;\">TUS Haspetal 1919 e.V.<\/span><\/li>\n<li>Tennisclub Gr\u00fcn-Wei\u00df Ennepetal-Breckerfeld e.V.<\/li>\n<li>Ennepetaler Reiterverein 1950 e.V.<\/li>\n<li>Kirmesfreunde aus Schwelm<\/li>\n<li>Kirmesfreunde aus Gevelsberg<\/li>\n<li><span style=\"color: #000000;\">Spielleutevereinigung Gevelsberg<\/span><\/li>\n<li>Skiclub Ennepetal<\/li>\n<li>FFC Ennepetal<\/li>\n<li>Shantychor Voerde in Ennepetal e.V.<\/li>\n<li>Voerderleben e.V. mit Trinksportfreunde Voerde<\/li>\n<\/ol>\n<p style=\"text-align: center;\">Zugende: Olaf Kleine, Feuerwehr<\/p>\n<p>&nbsp;<\/p>\n<p>&nbsp;<\/p>\n","protected":false},"excerpt":{"rendered":"<p>Zugstart: Samstag, 03.06.2023, 14:00 Uhr Aufstellung in umgekehrter Reihenfolge ab 13:00 Uhr. Zugaufstellung beginnt auf der Milsper Stra\u00dfe in H\u00f6he der katholischen Kirche. Zugmoderation auf der Lindenstra\u00dfe von Marc Schulte (WDR Fernsehen) Zugspitze: Michael Buchholz und Polizei (Harry Hirsch) Kiepenkerle &hellip; <a href=\"https:\/\/www.heimatverein-voerde.de\/?p=1733\">Weiterlesen <span class=\"meta-nav\">&rarr;<\/span><\/a><\/p>\n","protected":false},"author":2,"featured_media":0,"comment_status":"closed","ping_status":"open","sticky":false,"template":"","format":"standard","meta":{"_exactmetrics_skip_tracking":false,"_exactmetrics_sitenote_active":false,"_exactmetrics_sitenote_note":"","_exactmetrics_sitenote_category":0,"_jetpack_memberships_contains_paid_content":false,"footnotes":""},"categories":[1],"tags":[],"class_list":["post-1733","post","type-post","status-publish","format-standard","hentry","category-allgemein"],"jetpack_featured_media_url":"","jetpack_sharing_enabled":true,"_links":{"self":[{"href":"https:\/\/www.heimatverein-voerde.de\/index.php?rest_route=\/wp\/v2\/posts\/1733","targetHints":{"allow":["GET"]}}],"collection":[{"href":"https:\/\/www.heimatverein-voerde.de\/index.php?rest_route=\/wp\/v2\/posts"}],"about":[{"href":"https:\/\/www.heimatverein-voerde.de\/index.php?rest_route=\/wp\/v2\/types\/post"}],"author":[{"embeddable":true,"href":"https:\/\/www.heimatverein-voerde.de\/index.php?rest_route=\/wp\/v2\/users\/2"}],"replies":[{"embeddable":true,"href":"https:\/\/www.heimatverein-voerde.de\/index.php?rest_route=%2Fwp%2Fv2%2Fcomments&post=1733"}],"version-history":[{"count":3,"href":"https:\/\/www.heimatverein-voerde.de\/index.php?rest_route=\/wp\/v2\/posts\/1733\/revisions"}],"predecessor-version":[{"id":1736,"href":"https:\/\/www.heimatverein-voerde.de\/index.php?rest_route=\/wp\/v2\/posts\/1733\/revisions\/1736"}],"wp:attachment":[{"href":"https:\/\/www.heimatverein-voerde.de\/index.php?rest_route=%2Fwp%2Fv2%2Fmedia&parent=1733"}],"wp:term":[{"taxonomy":"category","embeddable":true,"href":"https:\/\/www.heimatverein-voerde.de\/index.php?rest_route=%2Fwp%2Fv2%2Fcategories&post=1733"},{"taxonomy":"post_tag","embeddable":true,"href":"https:\/\/www.heimatverein-voerde.de\/index.php?rest_route=%2Fwp%2Fv2%2Ftags&post=1733"}],"curies":[{"name":"wp","href":"https:\/\/api.w.org\/{rel}","templated":true}]}}