{"id":1754,"date":"2023-12-17T15:57:39","date_gmt":"2023-12-17T14:57:39","guid":{"rendered":"https:\/\/www.heimatverein-voerde.de\/?p=1754"},"modified":"2023-12-17T15:57:39","modified_gmt":"2023-12-17T14:57:39","slug":"frohe-weihnachten-und-ein-glueckliches-neues-jahr-2024","status":"publish","type":"post","link":"https:\/\/www.heimatverein-voerde.de\/?p=1754","title":{"rendered":"Frohe Weihnachten und ein gl\u00fcckliches neues Jahr 2024"},"content":{"rendered":"<div id=\"attachment_1755\" style=\"width: 275px\" class=\"wp-caption alignleft\"><a href=\"http:\/\/www.heimatverein-voerde.de\/wp-content\/uploads\/2023\/12\/WhatsApp-Bild-2023-11-30-um-19.19.55_f65df18d.jpg\"><img loading=\"lazy\" decoding=\"async\" aria-describedby=\"caption-attachment-1755\" class=\"wp-image-1755\" src=\"http:\/\/www.heimatverein-voerde.de\/wp-content\/uploads\/2023\/12\/WhatsApp-Bild-2023-11-30-um-19.19.55_f65df18d-225x300.jpg\" alt=\"\" width=\"265\" height=\"354\" srcset=\"https:\/\/www.heimatverein-voerde.de\/wp-content\/uploads\/2023\/12\/WhatsApp-Bild-2023-11-30-um-19.19.55_f65df18d-225x300.jpg 225w, https:\/\/www.heimatverein-voerde.de\/wp-content\/uploads\/2023\/12\/WhatsApp-Bild-2023-11-30-um-19.19.55_f65df18d-768x1024.jpg 768w, https:\/\/www.heimatverein-voerde.de\/wp-content\/uploads\/2023\/12\/WhatsApp-Bild-2023-11-30-um-19.19.55_f65df18d-1152x1536.jpg 1152w, https:\/\/www.heimatverein-voerde.de\/wp-content\/uploads\/2023\/12\/WhatsApp-Bild-2023-11-30-um-19.19.55_f65df18d.jpg 1512w\" sizes=\"auto, (max-width: 265px) 100vw, 265px\" \/><\/a><p id=\"caption-attachment-1755\" class=\"wp-caption-text\">Voerder Weihnachtsbaum 2023<\/p><\/div>\n<p>Liebe Heimatfreunde!<\/p>\n<p>Das Jahr 2023 neigt sich dem Ende. Ein Jahr vollst\u00e4ndig ohne Coronaauflagen. Deshalb konnte der Heimatverein Voerde auch endlich alle seine Veranstaltungen wieder stattfinden lassen.<\/p>\n<p>Pr\u00f6lken Koffi, Maibaumaufstellen, Ehrennachtw\u00e4chterwahl und -k\u00fcrung, Voerder Kirmes, Voerder Heimatabend und Schm\u00fccken des Voerder Weihnachtsbaumes &#8211; alles wie vor den drei Coronajahren. Es war nicht einfach, manchmal haben wir wieder bei Null angefangen. Aber wir haben es geschafft und k\u00f6nnen von uns sagen, die Coronajahre gut \u00fcberstanden zu haben.<br \/>\nTrotzdem war 2023, gepr\u00e4gt vom Krisenmodus. F\u00fcr den Heimatverein Voerde und f\u00fcr jeden pers\u00f6nlich. Das macht es uns allen weiterhin beschwerlich. Aber nicht den Mut verlieren. Auch in 2024 wird es wieder Pr\u00f6lken Koffi, einen neuen Voerder Ehrennachtw\u00e4chter, und eine Voerder Kirmes (ab sofort von Freitag bis Montag) geben. Wir schm\u00fccken wieder den Voerder Weihnachtsbaum und einen Voerder Heimatabend wird es auch wieder geben. Wie immer.<\/p>\n<p>In diesem Sinne w\u00fcnscht der Heimatverein Voerde allen Mitgliedern, Freunden und F\u00f6rderern ein ruhiges und besinnliches Weihnachtsfest, einen guten Rutsch und ein gl\u00fcckliches neues Jahr 2024.<\/p>\n","protected":false},"excerpt":{"rendered":"<p>Liebe Heimatfreunde! Das Jahr 2023 neigt sich dem Ende. Ein Jahr vollst\u00e4ndig ohne Coronaauflagen. Deshalb konnte der Heimatverein Voerde auch endlich alle seine Veranstaltungen wieder stattfinden lassen. Pr\u00f6lken Koffi, Maibaumaufstellen, Ehrennachtw\u00e4chterwahl und -k\u00fcrung, Voerder Kirmes, Voerder Heimatabend und Schm\u00fccken des &hellip; <a href=\"https:\/\/www.heimatverein-voerde.de\/?p=1754\">Weiterlesen <span class=\"meta-nav\">&rarr;<\/span><\/a><\/p>\n","protected":false},"author":2,"featured_media":0,"comment_status":"closed","ping_status":"open","sticky":false,"template":"","format":"standard","meta":{"_exactmetrics_skip_tracking":false,"_exactmetrics_sitenote_active":false,"_exactmetrics_sitenote_note":"","_exactmetrics_sitenote_category":0,"_jetpack_memberships_contains_paid_content":false,"footnotes":""},"categories":[1],"tags":[],"class_list":["post-1754","post","type-post","status-publish","format-standard","hentry","category-allgemein"],"jetpack_featured_media_url":"","jetpack_sharing_enabled":true,"_links":{"self":[{"href":"https:\/\/www.heimatverein-voerde.de\/index.php?rest_route=\/wp\/v2\/posts\/1754","targetHints":{"allow":["GET"]}}],"collection":[{"href":"https:\/\/www.heimatverein-voerde.de\/index.php?rest_route=\/wp\/v2\/posts"}],"about":[{"href":"https:\/\/www.heimatverein-voerde.de\/index.php?rest_route=\/wp\/v2\/types\/post"}],"author":[{"embeddable":true,"href":"https:\/\/www.heimatverein-voerde.de\/index.php?rest_route=\/wp\/v2\/users\/2"}],"replies":[{"embeddable":true,"href":"https:\/\/www.heimatverein-voerde.de\/index.php?rest_route=%2Fwp%2Fv2%2Fcomments&post=1754"}],"version-history":[{"count":3,"href":"https:\/\/www.heimatverein-voerde.de\/index.php?rest_route=\/wp\/v2\/posts\/1754\/revisions"}],"predecessor-version":[{"id":1758,"href":"https:\/\/www.heimatverein-voerde.de\/index.php?rest_route=\/wp\/v2\/posts\/1754\/revisions\/1758"}],"wp:attachment":[{"href":"https:\/\/www.heimatverein-voerde.de\/index.php?rest_route=%2Fwp%2Fv2%2Fmedia&parent=1754"}],"wp:term":[{"taxonomy":"category","embeddable":true,"href":"https:\/\/www.heimatverein-voerde.de\/index.php?rest_route=%2Fwp%2Fv2%2Fcategories&post=1754"},{"taxonomy":"post_tag","embeddable":true,"href":"https:\/\/www.heimatverein-voerde.de\/index.php?rest_route=%2Fwp%2Fv2%2Ftags&post=1754"}],"curies":[{"name":"wp","href":"https:\/\/api.w.org\/{rel}","templated":true}]}}