{"id":1797,"date":"2025-02-03T17:54:30","date_gmt":"2025-02-03T16:54:30","guid":{"rendered":"https:\/\/www.heimatverein-voerde.de\/?p=1797"},"modified":"2025-02-03T17:54:30","modified_gmt":"2025-02-03T16:54:30","slug":"neues-jahr-neues-proelken-koffi","status":"publish","type":"post","link":"https:\/\/www.heimatverein-voerde.de\/?p=1797","title":{"rendered":"Neues Jahr, neues Pr\u00f6lken Koffi"},"content":{"rendered":"<p>Nach der Winterpause meldet sich der Heimatverein Voerde mit dem ersten Pr\u00f6lken Koffi des Jahres zur\u00fcck. Am<\/p>\n<p><strong>Samstag, 08. Februar ab 09.30 Uhr <\/strong><\/p>\n<p>gibt es im evangelischen Gemeindezentrum in Ennepetal-Voerde wieder Fr\u00fchst\u00fcck, Kaffee und Pr\u00f6lken.<\/p>\n<p>Wie immer sind auch Nichtvereinsmitglieder herzlich willkommen, der Eintritt ist frei. Der Heimatverein Voerde freut sich aber \u00fcber eine kleine Spende.<\/p>\n","protected":false},"excerpt":{"rendered":"<p>Nach der Winterpause meldet sich der Heimatverein Voerde mit dem ersten Pr\u00f6lken Koffi des Jahres zur\u00fcck. Am Samstag, 08. Februar ab 09.30 Uhr gibt es im evangelischen Gemeindezentrum in Ennepetal-Voerde wieder Fr\u00fchst\u00fcck, Kaffee und Pr\u00f6lken. Wie immer sind auch Nichtvereinsmitglieder &hellip; <a href=\"https:\/\/www.heimatverein-voerde.de\/?p=1797\">Weiterlesen <span class=\"meta-nav\">&rarr;<\/span><\/a><\/p>\n","protected":false},"author":2,"featured_media":0,"comment_status":"closed","ping_status":"open","sticky":false,"template":"","format":"standard","meta":{"_exactmetrics_skip_tracking":false,"_exactmetrics_sitenote_active":false,"_exactmetrics_sitenote_note":"","_exactmetrics_sitenote_category":0,"_jetpack_memberships_contains_paid_content":false,"footnotes":""},"categories":[1],"tags":[],"class_list":["post-1797","post","type-post","status-publish","format-standard","hentry","category-allgemein"],"jetpack_featured_media_url":"","jetpack_sharing_enabled":true,"_links":{"self":[{"href":"https:\/\/www.heimatverein-voerde.de\/index.php?rest_route=\/wp\/v2\/posts\/1797","targetHints":{"allow":["GET"]}}],"collection":[{"href":"https:\/\/www.heimatverein-voerde.de\/index.php?rest_route=\/wp\/v2\/posts"}],"about":[{"href":"https:\/\/www.heimatverein-voerde.de\/index.php?rest_route=\/wp\/v2\/types\/post"}],"author":[{"embeddable":true,"href":"https:\/\/www.heimatverein-voerde.de\/index.php?rest_route=\/wp\/v2\/users\/2"}],"replies":[{"embeddable":true,"href":"https:\/\/www.heimatverein-voerde.de\/index.php?rest_route=%2Fwp%2Fv2%2Fcomments&post=1797"}],"version-history":[{"count":1,"href":"https:\/\/www.heimatverein-voerde.de\/index.php?rest_route=\/wp\/v2\/posts\/1797\/revisions"}],"predecessor-version":[{"id":1798,"href":"https:\/\/www.heimatverein-voerde.de\/index.php?rest_route=\/wp\/v2\/posts\/1797\/revisions\/1798"}],"wp:attachment":[{"href":"https:\/\/www.heimatverein-voerde.de\/index.php?rest_route=%2Fwp%2Fv2%2Fmedia&parent=1797"}],"wp:term":[{"taxonomy":"category","embeddable":true,"href":"https:\/\/www.heimatverein-voerde.de\/index.php?rest_route=%2Fwp%2Fv2%2Fcategories&post=1797"},{"taxonomy":"post_tag","embeddable":true,"href":"https:\/\/www.heimatverein-voerde.de\/index.php?rest_route=%2Fwp%2Fv2%2Ftags&post=1797"}],"curies":[{"name":"wp","href":"https:\/\/api.w.org\/{rel}","templated":true}]}}