{"id":1808,"date":"2025-03-31T18:16:14","date_gmt":"2025-03-31T17:16:14","guid":{"rendered":"https:\/\/www.heimatverein-voerde.de\/?p=1808"},"modified":"2025-03-31T18:16:14","modified_gmt":"2025-03-31T17:16:14","slug":"jetzt-anmelden-zum-festzug-zur-voerder-kirmes-2025","status":"publish","type":"post","link":"https:\/\/www.heimatverein-voerde.de\/?p=1808","title":{"rendered":"Jetzt anmelden zum Festzug zur Voerder Kirmes 2025"},"content":{"rendered":"<p><strong>Das Wichtigste zuerst. Der Festumzug findet statt, ab sofort nehmen wir die Anmeldungen unter der EMail-Adresse vorstand@en-kreis.de entgegen!<\/strong><\/p>\n<p>Nochmal zur Erinnerung:<\/p>\n<ul>\n<li>Der Festumzug findet in diesem Jahr am Samstag, 24.05.2025 statt.<\/li>\n<li>Die Aufstellung erfolgt wie immer ab 13:00 Uhr auf der Milsper Stra\u00dfe in H\u00f6he der katholischen Kirche.<\/li>\n<\/ul>\n<p><strong>Diese Regeln sind jetzt neu:<\/strong><\/p>\n<ul>\n<li>Zufahrt zur Aufstellung ausschlie\u00dflich \u00fcber die Milsper Stra\u00dfe aus Richtung Milspe, also von unten. <u>Es gibt keine Zufahrtsm\u00f6glichkeit \u00fcber andere Stra\u00dfen.<\/u><\/li>\n<li>Jeder andere Fahrzeugverkehr &#8211; auch der Busbetrieb der VER \u2013 wird schon Stunden vorher gesperrt.<\/li>\n<li>Fahrzeuge m\u00fcssen eine ordnungsgem\u00e4\u00dfe Zulassung zum \u00f6ffentlichen Stra\u00dfenverkehr haben (also KFZ-Kennzeichen mit T\u00dcV- und Beh\u00f6rdensiegel und Fahrzeugschein)<\/li>\n<\/ul>\n<p>&nbsp;<\/p>\n<p>Alles andere bleibt wie gehabt:<\/p>\n<ol>\n<li><\/li>\n<\/ol>\n<p>Der Umzug findet am <strong>Samstag, 24.05.2025 <\/strong>statt. Wir starten <strong>p\u00fcnktlich um 14.00 Uhr<\/strong>.<\/p>\n<ol start=\"2\">\n<li><\/li>\n<\/ol>\n<p>Aufstellort ist wieder die Milsper Stra\u00dfe in Ennepetal-Voerde in H\u00f6he der katholischen Kirche auf der rechten Fahrbahnh\u00e4lfte in Richtung Voerde. Die Zugteilnehmer stellen sich ab 13:00 Uhr entgegen der Zugfolge auf. Das hei\u00dft, der erste steht ganz hinten und geht\/f\u00e4hrt an allen Zugteilnehmern vorbei. Die Startnummern im Umzug werden noch mitgeteilt, wenn alle Teilnehmer feststehen. Diese Startnummern sind besonders wichtig, weil unter allen ehrenamtlichen Zugteilnehmern (also ohne Verg\u00fctung) der B\u00fcrgermeisterwanderpokal der Stadt Ennepetal verlost wird. Mit diesem Wanderpokal sind viele Verg\u00fcnstigungen auf der Voerder Kirmes verbunden inkl. zwei Eintrittskarten f\u00fcr den Empfang der B\u00fcrgermeisterin am Sonntag 25.05.2025. im Sch\u00fctzenheim des Voerder Sch\u00fctzenvereins.<\/p>\n<p><strong><u>-&gt;<\/u><\/strong><u> Die Verlosung findet direkt beim Fassanstich auf dem Kirmesplatz statt. <\/u><u>Allerdings am Freitag, 23.Mai 2025, 18.00 Uhr.<\/u><\/p>\n<ol start=\"3\">\n<li><\/li>\n<\/ol>\n<p>Die Anreise im Zugwagen (sofern diese eingesetzt werden) muss leer erfolgen. Es ist also nicht gestattet, Personen auf dem Anh\u00e4nger w\u00e4hrend der Anreise zu transportieren. Das gilt ebenso f\u00fcr die Abreise. Der Aufenthalt von Personen auf dem Anh\u00e4nger ist nur w\u00e4hrend des Umzuges gestattet.<\/p>\n<ol start=\"4\">\n<li><\/li>\n<\/ol>\n<p>Festzugwagen (sofern diese eingesetzt werden) m\u00fcssen den T\u00dcV-Bestimmungen gen\u00fcgen und f\u00fcr den \u00f6ffentlichen Stra\u00dfenverkehr zugelassen sein. Die maximale Fahrzeugbreite darf 2,50 Meter nicht \u00fcberschreiten.<\/p>\n<ol start=\"5\">\n<li><\/li>\n<\/ol>\n<p>Auf den Wagen (sofern diese eingesetzt werden) m\u00fcssen Absturzsicherungen (Gel\u00e4nder) und Festhaltem\u00f6glichkeiten vorhanden sein.<\/p>\n<ol start=\"6\">\n<li><\/li>\n<\/ol>\n<p>Evtl. Wurfmaterial (S\u00fc\u00dfigkeiten usw.) m\u00fcssen weit weg vom Wagen landen. Das Werfen ist von Fahrzeugen aus nur erlaubt, wenn an jedem! Rad eine Aufsicht (sogenannter Wagenengel) mitgeht.<\/p>\n<ol start=\"7\">\n<li><\/li>\n<\/ol>\n<p>Es ist sicherzustellen, dass keine Personen von den Zugmaschinen oder Wagen verletzt werden k\u00f6nnen.<\/p>\n<ol start=\"8\">\n<li><\/li>\n<\/ol>\n<p>Festzugwagen (sofern diese eingesetzt werden) fahren nach Zugende in der Lindenstra\u00dfe auf jeden Fall bis auf die Hagener Stra\u00dfe in Richtung Hagen bis in H\u00f6he der Aldi-Zufahrt. Erst dort d\u00fcrfen Passagiere den Wagen verlassen.<\/p>\n<p>10.<\/p>\n<p>Auch Fu\u00dfgruppen gehen bis auf die Hagener Stra\u00dfe und von dort auf direktem Wege auf den Kirmesplatz zur Kirmes.<\/p>\n<ol start=\"11\">\n<li><\/li>\n<\/ol>\n<p>Die Teilnahme am Umzug erfolgt auf eigene Gefahr, jeder ist f\u00fcr sich selbst verantwortlich.<\/p>\n","protected":false},"excerpt":{"rendered":"<p>Das Wichtigste zuerst. Der Festumzug findet statt, ab sofort nehmen wir die Anmeldungen unter der EMail-Adresse vorstand@en-kreis.de entgegen! Nochmal zur Erinnerung: Der Festumzug findet in diesem Jahr am Samstag, 24.05.2025 statt. Die Aufstellung erfolgt wie immer ab 13:00 Uhr auf &hellip; <a href=\"https:\/\/www.heimatverein-voerde.de\/?p=1808\">Weiterlesen <span class=\"meta-nav\">&rarr;<\/span><\/a><\/p>\n","protected":false},"author":2,"featured_media":0,"comment_status":"closed","ping_status":"open","sticky":false,"template":"","format":"standard","meta":{"_exactmetrics_skip_tracking":false,"_exactmetrics_sitenote_active":false,"_exactmetrics_sitenote_note":"","_exactmetrics_sitenote_category":0,"_jetpack_memberships_contains_paid_content":false,"footnotes":""},"categories":[1],"tags":[],"class_list":["post-1808","post","type-post","status-publish","format-standard","hentry","category-allgemein"],"jetpack_featured_media_url":"","jetpack_sharing_enabled":true,"_links":{"self":[{"href":"https:\/\/www.heimatverein-voerde.de\/index.php?rest_route=\/wp\/v2\/posts\/1808","targetHints":{"allow":["GET"]}}],"collection":[{"href":"https:\/\/www.heimatverein-voerde.de\/index.php?rest_route=\/wp\/v2\/posts"}],"about":[{"href":"https:\/\/www.heimatverein-voerde.de\/index.php?rest_route=\/wp\/v2\/types\/post"}],"author":[{"embeddable":true,"href":"https:\/\/www.heimatverein-voerde.de\/index.php?rest_route=\/wp\/v2\/users\/2"}],"replies":[{"embeddable":true,"href":"https:\/\/www.heimatverein-voerde.de\/index.php?rest_route=%2Fwp%2Fv2%2Fcomments&post=1808"}],"version-history":[{"count":1,"href":"https:\/\/www.heimatverein-voerde.de\/index.php?rest_route=\/wp\/v2\/posts\/1808\/revisions"}],"predecessor-version":[{"id":1809,"href":"https:\/\/www.heimatverein-voerde.de\/index.php?rest_route=\/wp\/v2\/posts\/1808\/revisions\/1809"}],"wp:attachment":[{"href":"https:\/\/www.heimatverein-voerde.de\/index.php?rest_route=%2Fwp%2Fv2%2Fmedia&parent=1808"}],"wp:term":[{"taxonomy":"category","embeddable":true,"href":"https:\/\/www.heimatverein-voerde.de\/index.php?rest_route=%2Fwp%2Fv2%2Fcategories&post=1808"},{"taxonomy":"post_tag","embeddable":true,"href":"https:\/\/www.heimatverein-voerde.de\/index.php?rest_route=%2Fwp%2Fv2%2Ftags&post=1808"}],"curies":[{"name":"wp","href":"https:\/\/api.w.org\/{rel}","templated":true}]}}