{"id":1811,"date":"2025-05-11T09:54:33","date_gmt":"2025-05-11T08:54:33","guid":{"rendered":"http:\/\/www.heimatverein-voerde.de\/?p=1811"},"modified":"2025-05-12T17:58:33","modified_gmt":"2025-05-12T16:58:33","slug":"festzugreihenfolge-zur-voerder-kirmes-2025","status":"publish","type":"post","link":"https:\/\/www.heimatverein-voerde.de\/?p=1811","title":{"rendered":"Festzugreihenfolge zur Voerder Kirmes 2025"},"content":{"rendered":"<p><strong>Zugstart: Samstag, 24.05.2025 14:00 Uhr<\/strong><br \/>\n<strong>Aufstellung in umgekehrter Reihenfolge ab 13:00 Uhr.<\/strong><br \/>\nZugaufstellung beginnt auf der Milsper Stra\u00dfe in H\u00f6he der katholischen Kirche. Zugmoderation auf der Lindenstra\u00dfe: Marc Schulte<\/p>\n<p style=\"text-align: left;\"><strong>-&gt; -&gt; Bitte bei der Anreise einplanen: <\/strong><strong>Zufahrt ausschlie\u00dflich aus Richtung Milspe. Also von unten. Alle anderen Zufahrten sind aus Sicherheitsgr\u00fcnden gesperrt.<\/strong><\/p>\n<p style=\"text-align: center;\">Zugspitze: Michael Buchholz<\/p>\n<ol>\n<li>Kiepenkerle Timo Pl\u00e4tz und Klaus Dieter Wenderoth<\/li>\n<li><strong><span style=\"color: #0000ff;\">Fanfarencorps Landsknechte Halver<\/span><\/strong><\/li>\n<li>B\u00fcrgermeisterin Imke Heymann und Hans Martin Heimhardt<\/li>\n<li>Ehrennachtw\u00e4chter des Vorjahres Harry Hirsch und amtierender Ehrennachtw\u00e4chter Stefan Voigt<\/li>\n<li>Evangelische und katholische Pastore<\/li>\n<li>Turngemeinde Voerde von 1862 e.V.<\/li>\n<li>Voerder Sch\u00fctzenverein von 1607 e.V.<\/li>\n<li>FC Blau-Wei\u00df Voerde e.V.<\/li>\n<li><strong><span style=\"color: #0000ff;\">Stadt- und Feuerwehrkapelle Ennepetal<\/span><\/strong><\/li>\n<li>Freiwillige Feuerwehr L\u00f6schgruppe Voerde<\/li>\n<li>Kinderfeuerwehr L\u00f6schf\u00fcchse und Jugendfeuerwehr Ennepetal<\/li>\n<li>Wagen der Stadt Ennepetal<\/li>\n<li>Ehrennachtw\u00e4chterwagen Heimatverein Voerde<\/li>\n<li>Fu\u00dfgruppe Heimatverein Voerde<\/li>\n<li>Arbeitskreis Kluterth\u00f6hle e.V.<\/li>\n<li>Jongliergruppe der evangelischen Stiftung Loher Nocken<\/li>\n<li><strong><span style=\"color: #0000ff;\">Fanfarenzug Hagen e.V.<\/span><\/strong><\/li>\n<li>Dorfgemeinschaft Freistaat Oberbauer<\/li>\n<li>Tennisclub Ennepetal-Breckerfeld e.V.<\/li>\n<li>ASV K\u00f6nigsangler Voerde e.V.<\/li>\n<li>Ennepetaler Racoons, Baseball- und Softballclub 1984 e.V.<\/li>\n<li>TUS Haspetal 1919 e.V.<\/li>\n<li>TV R\u00fcggeberg 1885 e.V.<\/li>\n<li>Kolping Jugend Ennepetal- Voerde<\/li>\n<li><strong><span style=\"color: #0000ff;\">Sound of Sauerland e.V.<\/span><\/strong><\/li>\n<li>Ennepetaler Reiterverein 1950 e.V.<\/li>\n<li>Kirmesfreunde aus Gevelsberg<\/li>\n<li>Kirmesfreunde aus Schwelm<\/li>\n<li>Kirmesfreunde aus Haspe<\/li>\n<li>VDK Sozialverband OV Ennepetal<\/li>\n<li>FFC Ennepetal, Frauen-Fu\u00dfball-Club Ennepetal 09 e.V.<\/li>\n<li>Shanty Chor Voerde Ennepetal von 1985 e.V.<\/li>\n<li>IG Altenvoerde e.V.<\/li>\n<li>Voerderleben e.V. mit Trinksportfreunde Voerde 1999 e.V.<\/li>\n<\/ol>\n<p style=\"text-align: center;\">Zugende: Olaf Kleine und Einsatzwagen der Feuerwehr<\/p>\n","protected":false},"excerpt":{"rendered":"<p>Zugstart: Samstag, 24.05.2025 14:00 Uhr Aufstellung in umgekehrter Reihenfolge ab 13:00 Uhr. Zugaufstellung beginnt auf der Milsper Stra\u00dfe in H\u00f6he der katholischen Kirche. Zugmoderation auf der Lindenstra\u00dfe: Marc Schulte -&gt; -&gt; Bitte bei der Anreise einplanen: Zufahrt ausschlie\u00dflich aus Richtung &hellip; <a href=\"https:\/\/www.heimatverein-voerde.de\/?p=1811\">Weiterlesen <span class=\"meta-nav\">&rarr;<\/span><\/a><\/p>\n","protected":false},"author":2,"featured_media":0,"comment_status":"closed","ping_status":"open","sticky":false,"template":"","format":"standard","meta":{"_exactmetrics_skip_tracking":false,"_exactmetrics_sitenote_active":false,"_exactmetrics_sitenote_note":"","_exactmetrics_sitenote_category":0,"_jetpack_memberships_contains_paid_content":false,"footnotes":""},"categories":[1],"tags":[],"class_list":["post-1811","post","type-post","status-publish","format-standard","hentry","category-allgemein"],"jetpack_featured_media_url":"","jetpack_sharing_enabled":true,"_links":{"self":[{"href":"https:\/\/www.heimatverein-voerde.de\/index.php?rest_route=\/wp\/v2\/posts\/1811","targetHints":{"allow":["GET"]}}],"collection":[{"href":"https:\/\/www.heimatverein-voerde.de\/index.php?rest_route=\/wp\/v2\/posts"}],"about":[{"href":"https:\/\/www.heimatverein-voerde.de\/index.php?rest_route=\/wp\/v2\/types\/post"}],"author":[{"embeddable":true,"href":"https:\/\/www.heimatverein-voerde.de\/index.php?rest_route=\/wp\/v2\/users\/2"}],"replies":[{"embeddable":true,"href":"https:\/\/www.heimatverein-voerde.de\/index.php?rest_route=%2Fwp%2Fv2%2Fcomments&post=1811"}],"version-history":[{"count":4,"href":"https:\/\/www.heimatverein-voerde.de\/index.php?rest_route=\/wp\/v2\/posts\/1811\/revisions"}],"predecessor-version":[{"id":1815,"href":"https:\/\/www.heimatverein-voerde.de\/index.php?rest_route=\/wp\/v2\/posts\/1811\/revisions\/1815"}],"wp:attachment":[{"href":"https:\/\/www.heimatverein-voerde.de\/index.php?rest_route=%2Fwp%2Fv2%2Fmedia&parent=1811"}],"wp:term":[{"taxonomy":"category","embeddable":true,"href":"https:\/\/www.heimatverein-voerde.de\/index.php?rest_route=%2Fwp%2Fv2%2Fcategories&post=1811"},{"taxonomy":"post_tag","embeddable":true,"href":"https:\/\/www.heimatverein-voerde.de\/index.php?rest_route=%2Fwp%2Fv2%2Ftags&post=1811"}],"curies":[{"name":"wp","href":"https:\/\/api.w.org\/{rel}","templated":true}]}}