{"id":1846,"date":"2026-05-01T09:31:50","date_gmt":"2026-05-01T08:31:50","guid":{"rendered":"https:\/\/www.heimatverein-voerde.de\/?p=1846"},"modified":"2026-05-01T09:31:50","modified_gmt":"2026-05-01T08:31:50","slug":"alle-ampeln-auf-gruen-jetzt-zum-voerder-kirmeszug-anmelden","status":"publish","type":"post","link":"https:\/\/www.heimatverein-voerde.de\/?p=1846","title":{"rendered":"Alle Ampeln auf Gr\u00fcn! Jetzt zum Voerder Kirmeszug anmelden"},"content":{"rendered":"<div id=\"attachment_1847\" style=\"width: 1591px\" class=\"wp-caption alignnone\"><a href=\"http:\/\/www.heimatverein-voerde.de\/wp-content\/uploads\/2026\/05\/Lageplan.jpg\"><img loading=\"lazy\" decoding=\"async\" aria-describedby=\"caption-attachment-1847\" class=\"wp-image-1847 size-full\" src=\"http:\/\/www.heimatverein-voerde.de\/wp-content\/uploads\/2026\/05\/Lageplan.jpg\" alt=\"\" width=\"1581\" height=\"712\" srcset=\"https:\/\/www.heimatverein-voerde.de\/wp-content\/uploads\/2026\/05\/Lageplan.jpg 1581w, https:\/\/www.heimatverein-voerde.de\/wp-content\/uploads\/2026\/05\/Lageplan-300x135.jpg 300w, https:\/\/www.heimatverein-voerde.de\/wp-content\/uploads\/2026\/05\/Lageplan-1024x461.jpg 1024w, https:\/\/www.heimatverein-voerde.de\/wp-content\/uploads\/2026\/05\/Lageplan-768x346.jpg 768w, https:\/\/www.heimatverein-voerde.de\/wp-content\/uploads\/2026\/05\/Lageplan-1536x692.jpg 1536w\" sizes=\"auto, (max-width: 1581px) 100vw, 1581px\" \/><\/a><p id=\"caption-attachment-1847\" class=\"wp-caption-text\">Neuer Aufstellort f\u00fcr den Festumzug zur Voerder Kirmes in der K\u00f6nigsberger Stra\u00dfe.<\/p><\/div>\n<p>&nbsp;<\/p>\n<p>Inzwischen hat die Sicherheitsbesprechung stattgefunden, Alle Ampeln stehen auf Gr\u00fcn!<\/p>\n<p>Das Wichtigste zuerst. Der Festumzug findet statt, ab sofort nehmen wir die Anmeldungen entgegen!<\/p>\n<p>Nochmal zur Erinnerung:<\/p>\n<ul>\n<li>Der Festumzug findet in diesem Jahr am Samstag, 13.06.2026 statt.<\/li>\n<li>Die Aufstellung erfolgt wie immer ab 13:00 Uhr.<\/li>\n<\/ul>\n<p>Folgende wichtige \u00c4nderungen gibt es ab diesem Jahr.<\/p>\n<p>Im letzten Jahr wurden erstmals sogenannte Terrorsperren auf allen Zufahrten des Festumzuges aufgestellt. Das wird auch in diesem Jahr so sein.<\/p>\n<p>Das erfordert erstens sehr viel mehr Vorbereitungszeit und deshalb viel fr\u00fchere und umfangreichere Stra\u00dfensperrungen, zweitens hat das im letzten Jahr rund um Voerde zu langen Verkehrsstaus gef\u00fchrt.<\/p>\n<p>Um das in diesem Jahr zu vermeiden findet die Zugaufstellung nicht mehr auf der Milsper Stra\u00dfe statt, sondern<\/p>\n<ul>\n<li>auf der K\u00d6NIGSBERGER STRASSE, die Parallelstra\u00dfe zur Milsper Stra\u00dfe.<\/li>\n<li>Die Einfahrt zur Zugaufstellung ist ausschlie\u00dflich von unten m\u00f6glich, also \u00fcber die Boesebecker Stra\u00dfe<\/li>\n<\/ul>\n<p>&nbsp;<\/p>\n<p>Alles andere bleibt wie gehabt:<\/p>\n<p>Der Umzug findet am Samstag, 13.06.2026 statt. Wir starten p\u00fcnktlich um 14.00 Uhr.<\/p>\n<p>2.<\/p>\n<p>Aufstellort ist die K\u00f6nigsberger Stra\u00dfe in Ennepetal-Voerde auf der rechten Fahrbahnh\u00e4lfte in Richtung Voerde. Die Zugteilnehmer stellen sich ab 13:00 Uhr entgegen der Zugfolge auf. Das hei\u00dft, der erste steht ganz hinten und geht\/f\u00e4hrt an allen Zugteilnehmern vorbei. Die Startnummern im Umzug werden noch mitgeteilt, wenn alle Teilnehmer feststehen. Diese Startnummern sind besonders wichtig, weil unter allen ehrenamtlichen Zugteilnehmern (also ohne Verg\u00fctung) der B\u00fcrgermeisterwanderpokal der Stadt Ennepetal verlost wird. Mit diesem Wanderpokal sind viele Verg\u00fcnstigungen auf der Voerder Kirmes verbunden inkl. zwei Eintrittskarten f\u00fcr den Empfang der B\u00fcrgermeisterin am Sonntag 25.05.2025. im Sch\u00fctzenheim des Voerder Sch\u00fctzenvereins.<\/p>\n<p>-&gt; Die Verlosung findet direkt beim Fassanstich auf dem Kirmesplatz statt. Allerdings am Freitag, 12.06.2026, 18.00 Uhr.<\/p>\n<p>3.<\/p>\n<p>Die Anreise im Zugwagen (sofern diese eingesetzt werden) muss leer erfolgen. Es ist nicht gestattet, Personen auf dem Anh\u00e4nger w\u00e4hrend der Anreise zu transportieren. Das gilt ebenso f\u00fcr die Abreise. Der Aufenthalt von Personen auf dem Anh\u00e4nger ist nur w\u00e4hrend des Umzuges gestattet.<\/p>\n<p>4.<\/p>\n<p>Festzugwagen (sofern diese eingesetzt werden) m\u00fcssen den T\u00dcV-Bestimmungen gen\u00fcgen und f\u00fcr den \u00f6ffentlichen Stra\u00dfenverkehr zugelassen sein. Die maximale Fahrzeugbreite darf 2,50 Meter nicht \u00fcberschreiten. Fahrzeuge m\u00fcssen eine ordnungsgem\u00e4\u00dfe Zulassung zum \u00f6ffentlichen Stra\u00dfenverkehr haben (also KFZ-Kennzeichen mit T\u00dcV- und Beh\u00f6rdensiegel und Fahrzeugschein)<\/p>\n<p>5.<\/p>\n<p>Auf den Wagen (sofern diese eingesetzt werden) m\u00fcssen Absturzsicherungen (Gel\u00e4nder) und Festhaltem\u00f6glichkeiten vorhanden sein.<\/p>\n<p>6.<\/p>\n<p>Evtl. Wurfmaterial (S\u00fc\u00dfigkeiten usw.) m\u00fcssen weit weg vom Wagen landen. Ein Herabreichen vom Wagen ist verboten.<\/p>\n<p>7.<\/p>\n<p>Es ist sicherzustellen, dass keine Personen von den Zugmaschinen oder Wagen verletzt werden k\u00f6nnen. An jedem Rad muss ein sogenannter Wagenengel (Begleitperson zu Fu\u00df) eingesetzt werden, der verhindert das Personen vom Wagen verletzt werden k\u00f6nnen.<\/p>\n<p>8.<\/p>\n<p>Festzugwagen (sofern diese eingesetzt werden) fahren nach Zugende in der Lindenstra\u00dfe auf jeden Fall bis auf die Hagener Stra\u00dfe in Richtung Hagen bis in H\u00f6he der Aldi-Zufahrt. Erst dort d\u00fcrfen Passagiere den Wagen verlassen.<\/p>\n<p>9.<\/p>\n<p>Auch Fu\u00dfgruppen gehen \u00fcber den Friedhofsweg bis auf die Hagener Stra\u00dfe und von dort auf direktem Wege auf den Kirmesplatz zur Kirmes.<\/p>\n<p>11.<\/p>\n<p>Die Teilnahme am Umzug erfolgt auf eigene Gefahr, jeder ist f\u00fcr sich selbst verantwortlich.<\/p>\n","protected":false},"excerpt":{"rendered":"<p>&nbsp; Inzwischen hat die Sicherheitsbesprechung stattgefunden, Alle Ampeln stehen auf Gr\u00fcn! Das Wichtigste zuerst. Der Festumzug findet statt, ab sofort nehmen wir die Anmeldungen entgegen! Nochmal zur Erinnerung: Der Festumzug findet in diesem Jahr am Samstag, 13.06.2026 statt. Die Aufstellung &hellip; <a href=\"https:\/\/www.heimatverein-voerde.de\/?p=1846\">Weiterlesen <span class=\"meta-nav\">&rarr;<\/span><\/a><\/p>\n","protected":false},"author":2,"featured_media":0,"comment_status":"closed","ping_status":"open","sticky":false,"template":"","format":"standard","meta":{"_exactmetrics_skip_tracking":false,"_exactmetrics_sitenote_active":false,"_exactmetrics_sitenote_note":"","_exactmetrics_sitenote_category":0,"_jetpack_memberships_contains_paid_content":false,"footnotes":""},"categories":[1],"tags":[],"class_list":["post-1846","post","type-post","status-publish","format-standard","hentry","category-allgemein"],"jetpack_featured_media_url":"","jetpack_sharing_enabled":true,"_links":{"self":[{"href":"https:\/\/www.heimatverein-voerde.de\/index.php?rest_route=\/wp\/v2\/posts\/1846","targetHints":{"allow":["GET"]}}],"collection":[{"href":"https:\/\/www.heimatverein-voerde.de\/index.php?rest_route=\/wp\/v2\/posts"}],"about":[{"href":"https:\/\/www.heimatverein-voerde.de\/index.php?rest_route=\/wp\/v2\/types\/post"}],"author":[{"embeddable":true,"href":"https:\/\/www.heimatverein-voerde.de\/index.php?rest_route=\/wp\/v2\/users\/2"}],"replies":[{"embeddable":true,"href":"https:\/\/www.heimatverein-voerde.de\/index.php?rest_route=%2Fwp%2Fv2%2Fcomments&post=1846"}],"version-history":[{"count":2,"href":"https:\/\/www.heimatverein-voerde.de\/index.php?rest_route=\/wp\/v2\/posts\/1846\/revisions"}],"predecessor-version":[{"id":1849,"href":"https:\/\/www.heimatverein-voerde.de\/index.php?rest_route=\/wp\/v2\/posts\/1846\/revisions\/1849"}],"wp:attachment":[{"href":"https:\/\/www.heimatverein-voerde.de\/index.php?rest_route=%2Fwp%2Fv2%2Fmedia&parent=1846"}],"wp:term":[{"taxonomy":"category","embeddable":true,"href":"https:\/\/www.heimatverein-voerde.de\/index.php?rest_route=%2Fwp%2Fv2%2Fcategories&post=1846"},{"taxonomy":"post_tag","embeddable":true,"href":"https:\/\/www.heimatverein-voerde.de\/index.php?rest_route=%2Fwp%2Fv2%2Ftags&post=1846"}],"curies":[{"name":"wp","href":"https:\/\/api.w.org\/{rel}","templated":true}]}}